{"id":58840,"date":"2019-08-27T11:01:20","date_gmt":"2019-08-27T14:01:20","guid":{"rendered":"https:\/\/eldiariodesanpedro.com.ar\/sitio\/?p=58840"},"modified":"2019-08-27T11:01:24","modified_gmt":"2019-08-27T14:01:24","slug":"ramallo-cuatro-choques-en-3-horas","status":"publish","type":"post","link":"https:\/\/eldiariodesanpedro.com.ar\/sitio\/ramallo-cuatro-choques-en-3-horas\/","title":{"rendered":"RAMALLO | \u00a1Cuatro choques en 3 horas!"},"content":{"rendered":"<!-- VideographyWP Plugin Message: Automatic video embedding prevented by plugin options. -->\n\n<p>El domingo quedar\u00e1 en la historia como uno de los d\u00edas m\u00e1s accidentados del a\u00f1o:&nbsp;<strong>en poco m\u00e1s de tres horas, hubo cuatro colisiones con heridos y situaciones ins\u00f3litas.<\/strong><\/p>\n\n\n\n<p>Todo ocurri\u00f3 antes de que el sol saliera en diferentes puntos de Villa Ramallo y alrededores. Seg\u00fan inform\u00f3 la Estaci\u00f3n Comunal Segunda de esa localidad, a las 4:15 fueron notificados de la primera colisi\u00f3n, entre un Volkswagen Gol y un caballo en el camino de la Costa a la altura del arroyo Marconi. La v\u00edctima humana, de apellido Mosconi y oriundo de San Nicol\u00e1s, fue atendido de urgencia.<\/p>\n\n\n\n<p>A las 6, un Chevrolet Corsa impact\u00f3 contra un \u00e1rbol en el cruce del Camino de la Costa y el acceso a Villa. Dos personas iban en el veh\u00edculo y tras ser socorridos, fueron trasladados al Hospital Gomendio.<\/p>\n\n\n\n<p>A las 7, y por circunstancias que son motivo de investigaci\u00f3n un Ford Focus registrado en la vecina La Violeta se estrell\u00f3 contra la GUR ubicada en la intersecci\u00f3n de San Mart\u00edn y Dr. Bonfiglio. Se trata de un misterioso hecho, ya que al arribar el personal policial, no encontraron ning\u00fan ocupante del veh\u00edculo en el lugar.<\/p>\n\n\n\n<p>Por \u00faltimo, en la ruta 51 a la altura del km. 218, un Peugeot 207 arroll\u00f3 dos perros a las 7:10 de la ma\u00f1ana.<\/p>\n\n\n\n<p>Fuente: Ramallo Informa<\/p>\n","protected":false},"excerpt":{"rendered":"<p>El domingo quedar\u00e1 en la historia como uno de los d\u00edas m\u00e1s accidentados del a\u00f1o:&nbsp;en poco m\u00e1s de tres horas, hubo cuatro colisiones con heridos y situaciones ins\u00f3litas. Todo ocurri\u00f3 antes de que el sol saliera en diferentes puntos de Villa Ramallo y alrededores. Seg\u00fan inform\u00f3 la Estaci\u00f3n Comunal Segunda de esa localidad, a las [&hellip;]<\/p>\n","protected":false},"author":4,"featured_media":58841,"comment_status":"open","ping_status":"closed","sticky":false,"template":"","format":"standard","meta":{"om_disable_all_campaigns":false,"_jetpack_memberships_contains_paid_content":false,"footnotes":""},"categories":[621],"tags":[],"class_list":["post-58840","post","type-post","status-publish","format-standard","has-post-thumbnail","hentry","category-regionales"],"aioseo_notices":[],"gutentor_comment":0,"jetpack_featured_media_url":"https:\/\/eldiariodesanpedro.com.ar\/sitio\/wp-content\/uploads\/2019\/08\/Choque.jpg","jetpack_shortlink":"https:\/\/wp.me\/p6RhLt-fj2","jetpack_sharing_enabled":true,"_links":{"self":[{"href":"https:\/\/eldiariodesanpedro.com.ar\/sitio\/wp-json\/wp\/v2\/posts\/58840","targetHints":{"allow":["GET"]}}],"collection":[{"href":"https:\/\/eldiariodesanpedro.com.ar\/sitio\/wp-json\/wp\/v2\/posts"}],"about":[{"href":"https:\/\/eldiariodesanpedro.com.ar\/sitio\/wp-json\/wp\/v2\/types\/post"}],"author":[{"embeddable":true,"href":"https:\/\/eldiariodesanpedro.com.ar\/sitio\/wp-json\/wp\/v2\/users\/4"}],"replies":[{"embeddable":true,"href":"https:\/\/eldiariodesanpedro.com.ar\/sitio\/wp-json\/wp\/v2\/comments?post=58840"}],"version-history":[{"count":1,"href":"https:\/\/eldiariodesanpedro.com.ar\/sitio\/wp-json\/wp\/v2\/posts\/58840\/revisions"}],"predecessor-version":[{"id":58842,"href":"https:\/\/eldiariodesanpedro.com.ar\/sitio\/wp-json\/wp\/v2\/posts\/58840\/revisions\/58842"}],"wp:featuredmedia":[{"embeddable":true,"href":"https:\/\/eldiariodesanpedro.com.ar\/sitio\/wp-json\/wp\/v2\/media\/58841"}],"wp:attachment":[{"href":"https:\/\/eldiariodesanpedro.com.ar\/sitio\/wp-json\/wp\/v2\/media?parent=58840"}],"wp:term":[{"taxonomy":"category","embeddable":true,"href":"https:\/\/eldiariodesanpedro.com.ar\/sitio\/wp-json\/wp\/v2\/categories?post=58840"},{"taxonomy":"post_tag","embeddable":true,"href":"https:\/\/eldiariodesanpedro.com.ar\/sitio\/wp-json\/wp\/v2\/tags?post=58840"}],"curies":[{"name":"wp","href":"https:\/\/api.w.org\/{rel}","templated":true}]}}