{"id":58837,"date":"2019-08-27T10:58:33","date_gmt":"2019-08-27T13:58:33","guid":{"rendered":"https:\/\/eldiariodesanpedro.com.ar\/sitio\/?p=58837"},"modified":"2019-08-27T10:58:38","modified_gmt":"2019-08-27T13:58:38","slug":"zarate-mas-de-400-jovenes-reflexionaron-sobre-ciberbullying-y-acoso-escolar","status":"publish","type":"post","link":"https:\/\/eldiariodesanpedro.com.ar\/sitio\/zarate-mas-de-400-jovenes-reflexionaron-sobre-ciberbullying-y-acoso-escolar\/","title":{"rendered":"Z\u00c1RATE | M\u00e1s de 400 j\u00f3venes reflexionaron sobre ciberbullying y acoso escolar"},"content":{"rendered":"<!-- VideographyWP Plugin Message: Automatic video embedding prevented by plugin options. -->\n\n<p>En el marco del programa \u201cAdolescencia Activa\u201d, m\u00e1s de 400 estudiantes debatieron y reflexionaron sobre ciberbullying y acoso escolar.<\/p>\n\n\n\n<p>El encuentro signific\u00f3 el segundo intercolegial impulsado por la Secretar\u00eda de Salud con el acompa\u00f1amiento de la Secretar\u00eda de Desarrollo Social y la Direcci\u00f3n de Educaci\u00f3n para j\u00f3venes de 3\u00ba a\u00f1o de escuelas p\u00fablicas y privadas.<\/p>\n\n\n\n<p>En esta ocasi\u00f3n, los estudiantes escucharon atentamente la charla brindada por la Lic. en Psicolog\u00eda Natalia Filippa, del Ministerio de Justicia y Derechos Humanos de la Naci\u00f3n. Luego, realizaron una producci\u00f3n audiovisual respecto a su visi\u00f3n de la tem\u00e1tica.<\/p>\n\n\n\n<p>Este nuevo intercolegial se llev\u00f3 adelante en las instalaciones de la Escuela T\u00e9cnica \u201cRoberto Rocca\u201d y cont\u00f3 con la presencia de la directora de Salud Comunitaria, Eleonora Penovi; el jefe de Coordinaci\u00f3n de Programas y Planes de la Secretar\u00eda de Salud, Juan Enrique Mirey, y el equipo de profesionales que integran dicho programa municipal.<\/p>\n\n\n\n<p>Fuente: Impacto Local<\/p>\n","protected":false},"excerpt":{"rendered":"<p>En el marco del programa \u201cAdolescencia Activa\u201d, m\u00e1s de 400 estudiantes debatieron y reflexionaron sobre ciberbullying y acoso escolar. El encuentro signific\u00f3 el segundo intercolegial impulsado por la Secretar\u00eda de Salud con el acompa\u00f1amiento de la Secretar\u00eda de Desarrollo Social y la Direcci\u00f3n de Educaci\u00f3n para j\u00f3venes de 3\u00ba a\u00f1o de escuelas p\u00fablicas y privadas. [&hellip;]<\/p>\n","protected":false},"author":4,"featured_media":58838,"comment_status":"open","ping_status":"closed","sticky":false,"template":"","format":"standard","meta":{"om_disable_all_campaigns":false,"_jetpack_memberships_contains_paid_content":false,"footnotes":""},"categories":[621],"tags":[],"class_list":["post-58837","post","type-post","status-publish","format-standard","has-post-thumbnail","hentry","category-regionales"],"aioseo_notices":[],"gutentor_comment":0,"jetpack_featured_media_url":"https:\/\/eldiariodesanpedro.com.ar\/sitio\/wp-content\/uploads\/2019\/08\/Participaron-m\u00e1s-de-400-alumnos-de-3\u00ba-a\u00f1o-de-escuelas-p\u00fablicas-y-privadas.jpg","jetpack_shortlink":"https:\/\/wp.me\/p6RhLt-fiZ","jetpack_sharing_enabled":true,"_links":{"self":[{"href":"https:\/\/eldiariodesanpedro.com.ar\/sitio\/wp-json\/wp\/v2\/posts\/58837","targetHints":{"allow":["GET"]}}],"collection":[{"href":"https:\/\/eldiariodesanpedro.com.ar\/sitio\/wp-json\/wp\/v2\/posts"}],"about":[{"href":"https:\/\/eldiariodesanpedro.com.ar\/sitio\/wp-json\/wp\/v2\/types\/post"}],"author":[{"embeddable":true,"href":"https:\/\/eldiariodesanpedro.com.ar\/sitio\/wp-json\/wp\/v2\/users\/4"}],"replies":[{"embeddable":true,"href":"https:\/\/eldiariodesanpedro.com.ar\/sitio\/wp-json\/wp\/v2\/comments?post=58837"}],"version-history":[{"count":1,"href":"https:\/\/eldiariodesanpedro.com.ar\/sitio\/wp-json\/wp\/v2\/posts\/58837\/revisions"}],"predecessor-version":[{"id":58839,"href":"https:\/\/eldiariodesanpedro.com.ar\/sitio\/wp-json\/wp\/v2\/posts\/58837\/revisions\/58839"}],"wp:featuredmedia":[{"embeddable":true,"href":"https:\/\/eldiariodesanpedro.com.ar\/sitio\/wp-json\/wp\/v2\/media\/58838"}],"wp:attachment":[{"href":"https:\/\/eldiariodesanpedro.com.ar\/sitio\/wp-json\/wp\/v2\/media?parent=58837"}],"wp:term":[{"taxonomy":"category","embeddable":true,"href":"https:\/\/eldiariodesanpedro.com.ar\/sitio\/wp-json\/wp\/v2\/categories?post=58837"},{"taxonomy":"post_tag","embeddable":true,"href":"https:\/\/eldiariodesanpedro.com.ar\/sitio\/wp-json\/wp\/v2\/tags?post=58837"}],"curies":[{"name":"wp","href":"https:\/\/api.w.org\/{rel}","templated":true}]}}