{"id":58834,"date":"2019-08-27T10:56:34","date_gmt":"2019-08-27T13:56:34","guid":{"rendered":"https:\/\/eldiariodesanpedro.com.ar\/sitio\/?p=58834"},"modified":"2019-08-27T10:56:38","modified_gmt":"2019-08-27T13:56:38","slug":"san-nicolas-29-agosto-sortearan-otras-165-viviendas-de-procrear","status":"publish","type":"post","link":"https:\/\/eldiariodesanpedro.com.ar\/sitio\/san-nicolas-29-agosto-sortearan-otras-165-viviendas-de-procrear\/","title":{"rendered":"SAN NICOL\u00c1S | 29 agosto: Sortear\u00e1n otras 165 viviendas de Procrear"},"content":{"rendered":"<!-- VideographyWP Plugin Message: Automatic video embedding prevented by plugin options. -->\n\n<p>\n\nDesarrollos Urban\u00edsticos es una l\u00ednea dise\u00f1ada para las familias que quieren comprar su primera vivienda a estrenar en uno de los 70 proyectos de todo el pa\u00eds, m\u00e1s de 23.000 viviendas se construyen en modernos y funcionales emprendimientos con materiales y terminaciones de calidad.<\/p>\n\n\n\n<p>Esta l\u00ednea permite acceder a un cr\u00e9dito hipotecario accesible, con cuotas mensuales bajas y un plazo de hasta 20 y 30 a\u00f1os, con el que se puede comprar un departamento de 1, 2 o 3 dormitorios, una casa o un d\u00faplex en lote propio con todos los servicios de infraestructura.<\/p>\n\n\n\n<p>El pr\u00f3ximo 29 de agosto a las 9 de la ma\u00f1ana se sortear\u00e1n 165 nuevas viviendas construidas en el desarrollo urban\u00edstico ubicado en zona sur de la ciudad.&nbsp;<\/p>\n\n\n\n<p>Cuenta con departamentos de 1, 2 y 3 dormitorios y casas unifamiliares de 2 dormitorios, con terminaciones de obra de excelente calidad. Este proyecto de vivienda cuenta con excelentes v\u00edas de acceso, cercan\u00eda a diferentes centros educativos, recreativos y de salud, y una completa infraestructura de servicios p\u00fablicos y espacios verdes.<\/p>\n\n\n\n<p>El sorteo podr\u00e1 verse a trav\u00e9s del Facebook Live de Procrear y los resultados ser\u00e1n comunicados por correo electr\u00f3nico a todos los inscritos. Asimismo, se publicar\u00e1n en el sitio web https:\/\/www.argentina.gob.ar\/procrear en la pesta\u00f1a correspondiente a cada desarrollo urban\u00edstico en particular.<\/p>\n\n\n\n<p>PROCREAR en n\u00fameros:<br>&#8211; 714 viviendas familiares en total<br>&#8211; 44 a 92 metros cuadrados las superficies de las viviendas<br>&#8211; 10 viviendas aptas para personas con discapacidad<br>&#8211; 22 locales comerciales<br>&#8211; 165 viviendas disponibles (6 viviendas aptas para personas con discapacidad) <\/p>\n\n\n\n<p>Fuente: Diario El Informante<\/p>\n","protected":false},"excerpt":{"rendered":"<p>Desarrollos Urban\u00edsticos es una l\u00ednea dise\u00f1ada para las familias que quieren comprar su primera vivienda a estrenar en uno de los 70 proyectos de todo el pa\u00eds, m\u00e1s de 23.000 viviendas se construyen en modernos y funcionales emprendimientos con materiales y terminaciones de calidad. Esta l\u00ednea permite acceder a un cr\u00e9dito hipotecario accesible, con cuotas [&hellip;]<\/p>\n","protected":false},"author":4,"featured_media":58835,"comment_status":"open","ping_status":"closed","sticky":false,"template":"","format":"standard","meta":{"om_disable_all_campaigns":false,"_jetpack_memberships_contains_paid_content":false,"footnotes":""},"categories":[621],"tags":[],"class_list":["post-58834","post","type-post","status-publish","format-standard","has-post-thumbnail","hentry","category-regionales"],"aioseo_notices":[],"gutentor_comment":0,"jetpack_featured_media_url":"https:\/\/eldiariodesanpedro.com.ar\/sitio\/wp-content\/uploads\/2019\/08\/conmarca21778.jpg","jetpack_shortlink":"https:\/\/wp.me\/p6RhLt-fiW","jetpack_sharing_enabled":true,"_links":{"self":[{"href":"https:\/\/eldiariodesanpedro.com.ar\/sitio\/wp-json\/wp\/v2\/posts\/58834","targetHints":{"allow":["GET"]}}],"collection":[{"href":"https:\/\/eldiariodesanpedro.com.ar\/sitio\/wp-json\/wp\/v2\/posts"}],"about":[{"href":"https:\/\/eldiariodesanpedro.com.ar\/sitio\/wp-json\/wp\/v2\/types\/post"}],"author":[{"embeddable":true,"href":"https:\/\/eldiariodesanpedro.com.ar\/sitio\/wp-json\/wp\/v2\/users\/4"}],"replies":[{"embeddable":true,"href":"https:\/\/eldiariodesanpedro.com.ar\/sitio\/wp-json\/wp\/v2\/comments?post=58834"}],"version-history":[{"count":1,"href":"https:\/\/eldiariodesanpedro.com.ar\/sitio\/wp-json\/wp\/v2\/posts\/58834\/revisions"}],"predecessor-version":[{"id":58836,"href":"https:\/\/eldiariodesanpedro.com.ar\/sitio\/wp-json\/wp\/v2\/posts\/58834\/revisions\/58836"}],"wp:featuredmedia":[{"embeddable":true,"href":"https:\/\/eldiariodesanpedro.com.ar\/sitio\/wp-json\/wp\/v2\/media\/58835"}],"wp:attachment":[{"href":"https:\/\/eldiariodesanpedro.com.ar\/sitio\/wp-json\/wp\/v2\/media?parent=58834"}],"wp:term":[{"taxonomy":"category","embeddable":true,"href":"https:\/\/eldiariodesanpedro.com.ar\/sitio\/wp-json\/wp\/v2\/categories?post=58834"},{"taxonomy":"post_tag","embeddable":true,"href":"https:\/\/eldiariodesanpedro.com.ar\/sitio\/wp-json\/wp\/v2\/tags?post=58834"}],"curies":[{"name":"wp","href":"https:\/\/api.w.org\/{rel}","templated":true}]}}