{"id":58831,"date":"2019-08-27T10:53:59","date_gmt":"2019-08-27T13:53:59","guid":{"rendered":"https:\/\/eldiariodesanpedro.com.ar\/sitio\/?p=58831"},"modified":"2019-08-27T10:54:04","modified_gmt":"2019-08-27T13:54:04","slug":"san-nicolas-capacitaron-a-bomberos-de-la-region-para-combatir-incendios-forestales","status":"publish","type":"post","link":"https:\/\/eldiariodesanpedro.com.ar\/sitio\/san-nicolas-capacitaron-a-bomberos-de-la-region-para-combatir-incendios-forestales\/","title":{"rendered":"SAN NICOL\u00c1S | Capacitaron a Bomberos de la Regi\u00f3n para combatir incendios forestales"},"content":{"rendered":"<!-- VideographyWP Plugin Message: Automatic video embedding prevented by plugin options. -->\n\n<p>Este fin de semana se realiz\u00f3 en las instalaciones del Cuartel de Bomberos San Nicol\u00e1s un curso de capacitaci\u00f3n destinado a la formaci\u00f3n de \u201cCombatientes de Incendios Forestales\u201d a nivel nacional; dicho curso comenz\u00f3 el d\u00eda viernes y culminar\u00e1 hoy. <\/p>\n\n\n\n<p> Esta capacitaci\u00f3n est\u00e1 a cargo del \u201cServicio Nacional del Manejo del Fuego\u201d perteneciente al Ministerio de Seguridad de la Naci\u00f3n a trav\u00e9s del coordinador de la Regional Pampeana que comprende las provincias de Mendoza, La Pampa y Bs. As., Sr. Marcelo Mosiejchuk, en coordinaci\u00f3n tambi\u00e9n del citado evento con Defensa Civil de Provincia e instructores externos perteneciente a la Direcci\u00f3n de Bomberos de la Polic\u00eda de la provincia de Bs. As., siendo estos el comisario Pablo Polarolo, el subcomisario Lautaro Mat\u00edas Lequio y el teniente primero Marcos Franco. <\/p>\n\n\n\n<p>Capacitaci\u00f3n La capacitaci\u00f3n const\u00f3 de etapas te\u00f3ricas y pr\u00e1cticas a fin de poder adquirir los conocimientos b\u00e1sicos y necesarios para luego poder aplicarlos en caso de tener que asistir a incendios forestales\/rurales. Este curso se viene realizando en toda la provincia y es brindada tanto a bomberos oficiales como a bomberos voluntarios y guardaparques, como pol\u00edticas de capacitaci\u00f3n del Ministerio de Seguridad de la provincia de Buenos Aires en conjunto con naci\u00f3n. <\/p>\n\n\n\n<p>Prevenci\u00f3n <br>En estos momentos este tipo de capacitaciones cobran una notoria importancia en virtud de los lamentables acontecimientos que est\u00e1n ocurriendo en el vecino pa\u00eds del Brasil, con los devastadores incendios que est\u00e1n arrasando el Amazonas, uno de los pulmones del mundo. El denso humo de los incendios que comenzaron el 10 de agosto en el Amazonas y que en los \u00faltimos d\u00edas se han incrementado en forma dram\u00e1tica ya est\u00e1 presente en el norte de la Argentina y, posiblemente, este fin de semana llegue a Buenos Aires. As\u00ed lo afirmaron desde el Servicio Meteorol\u00f3gico Nacional (SMN). El centro de investigaci\u00f3n espacial del Brasil, INPE, registr\u00f3 72.843 incendios en el Amazonas solo este a\u00f1o, marcando un aumento del 83 por ciento durante el mismo per\u00edodo de 2018 y es el m\u00e1s alto desde que comenzaron los registros en 2013. El desastre en el Amazonas afect\u00f3 a unas 500.000 hect\u00e1reas de la selva en Brasil. Desde entonces, los focos se extendieron a zonas del Chaco paraguayo, parte de Bolivia, Uruguay y Per\u00fa. Por estas circunstancias, es atinado desde la provincia la capacitaci\u00f3n del personal de bomberos ante este tipo de desastres naturales.<\/p>\n","protected":false},"excerpt":{"rendered":"<p>Este fin de semana se realiz\u00f3 en las instalaciones del Cuartel de Bomberos San Nicol\u00e1s un curso de capacitaci\u00f3n destinado a la formaci\u00f3n de \u201cCombatientes de Incendios Forestales\u201d a nivel nacional; dicho curso comenz\u00f3 el d\u00eda viernes y culminar\u00e1 hoy. Esta capacitaci\u00f3n est\u00e1 a cargo del \u201cServicio Nacional del Manejo del Fuego\u201d perteneciente al Ministerio [&hellip;]<\/p>\n","protected":false},"author":4,"featured_media":58832,"comment_status":"open","ping_status":"closed","sticky":false,"template":"","format":"standard","meta":{"om_disable_all_campaigns":false,"_jetpack_memberships_contains_paid_content":false,"footnotes":""},"categories":[621],"tags":[],"class_list":["post-58831","post","type-post","status-publish","format-standard","has-post-thumbnail","hentry","category-regionales"],"aioseo_notices":[],"gutentor_comment":0,"jetpack_featured_media_url":"https:\/\/eldiariodesanpedro.com.ar\/sitio\/wp-content\/uploads\/2019\/08\/0-10.jpg","jetpack_shortlink":"https:\/\/wp.me\/p6RhLt-fiT","jetpack_sharing_enabled":true,"_links":{"self":[{"href":"https:\/\/eldiariodesanpedro.com.ar\/sitio\/wp-json\/wp\/v2\/posts\/58831","targetHints":{"allow":["GET"]}}],"collection":[{"href":"https:\/\/eldiariodesanpedro.com.ar\/sitio\/wp-json\/wp\/v2\/posts"}],"about":[{"href":"https:\/\/eldiariodesanpedro.com.ar\/sitio\/wp-json\/wp\/v2\/types\/post"}],"author":[{"embeddable":true,"href":"https:\/\/eldiariodesanpedro.com.ar\/sitio\/wp-json\/wp\/v2\/users\/4"}],"replies":[{"embeddable":true,"href":"https:\/\/eldiariodesanpedro.com.ar\/sitio\/wp-json\/wp\/v2\/comments?post=58831"}],"version-history":[{"count":1,"href":"https:\/\/eldiariodesanpedro.com.ar\/sitio\/wp-json\/wp\/v2\/posts\/58831\/revisions"}],"predecessor-version":[{"id":58833,"href":"https:\/\/eldiariodesanpedro.com.ar\/sitio\/wp-json\/wp\/v2\/posts\/58831\/revisions\/58833"}],"wp:featuredmedia":[{"embeddable":true,"href":"https:\/\/eldiariodesanpedro.com.ar\/sitio\/wp-json\/wp\/v2\/media\/58832"}],"wp:attachment":[{"href":"https:\/\/eldiariodesanpedro.com.ar\/sitio\/wp-json\/wp\/v2\/media?parent=58831"}],"wp:term":[{"taxonomy":"category","embeddable":true,"href":"https:\/\/eldiariodesanpedro.com.ar\/sitio\/wp-json\/wp\/v2\/categories?post=58831"},{"taxonomy":"post_tag","embeddable":true,"href":"https:\/\/eldiariodesanpedro.com.ar\/sitio\/wp-json\/wp\/v2\/tags?post=58831"}],"curies":[{"name":"wp","href":"https:\/\/api.w.org\/{rel}","templated":true}]}}