{"id":58827,"date":"2019-08-27T10:48:20","date_gmt":"2019-08-27T13:48:20","guid":{"rendered":"https:\/\/eldiariodesanpedro.com.ar\/sitio\/?p=58827"},"modified":"2019-08-27T10:48:36","modified_gmt":"2019-08-27T13:48:36","slug":"baradero-club-rivadavia-nos-rompieron-los-candados-entraron-y-revolvieron-todo","status":"publish","type":"post","link":"https:\/\/eldiariodesanpedro.com.ar\/sitio\/baradero-club-rivadavia-nos-rompieron-los-candados-entraron-y-revolvieron-todo\/","title":{"rendered":"BARADERO |  Club Rivadavia: \u201cNos rompieron los candados, entraron y revolvieron todo\u201d"},"content":{"rendered":"<!-- VideographyWP Plugin Message: Automatic video embedding prevented by plugin options. -->\n\n<p>Lo cont\u00f3 a trav\u00e9s de LS2 RADIO 96.9, el presidente del Club Rivadavia, Eduardo \u2018Tat\u00fan\u2019 Vel\u00e1zquez, tras lo ocurrido el s\u00e1bado cerca de las 22 hs en la Instituci\u00f3n cuando suena la alarma. A los minutos, integrantes de la Comisi\u00f3n Directiva se aproximan al lugar y comprueban que autores ignorados hab\u00edan roto para del cerco, los candados y hab\u00edan desordenado todos los elementos. No detectaron ning\u00fan faltante.<\/p>\n\n\n\n<p>Al respecto del hecho, narr\u00f3:<em>\u00a0\u201cAlrededor de 21.45 se activa la alarma y se acerca el vice presidente, Walter Aldas, a los minutos llego yo y constatamos que hab\u00edan violentado los candados, rompieron las rejas, da\u00f1os, gracias a Dios esta vuelta no detectamos ning\u00fan faltante, nada. Abrieron la puerta del f\u00fatbol infantil, del vestuario grande ya hab\u00edan roto los candados, todo\u201d<\/em><\/p>\n\n\n\n<p>Fuente: Baradero Hoy<\/p>\n","protected":false},"excerpt":{"rendered":"<p>Lo cont\u00f3 a trav\u00e9s de LS2 RADIO 96.9, el presidente del Club Rivadavia, Eduardo \u2018Tat\u00fan\u2019 Vel\u00e1zquez, tras lo ocurrido el s\u00e1bado cerca de las 22 hs en la Instituci\u00f3n cuando suena la alarma. A los minutos, integrantes de la Comisi\u00f3n Directiva se aproximan al lugar y comprueban que autores ignorados hab\u00edan roto para del cerco, [&hellip;]<\/p>\n","protected":false},"author":4,"featured_media":58828,"comment_status":"open","ping_status":"closed","sticky":false,"template":"","format":"standard","meta":{"om_disable_all_campaigns":false,"_jetpack_memberships_contains_paid_content":false,"footnotes":""},"categories":[621],"tags":[],"class_list":["post-58827","post","type-post","status-publish","format-standard","has-post-thumbnail","hentry","category-regionales"],"aioseo_notices":[],"gutentor_comment":0,"jetpack_featured_media_url":"https:\/\/eldiariodesanpedro.com.ar\/sitio\/wp-content\/uploads\/2019\/08\/WhatsApp-Image-2019-08-26-at-10.28.43.jpeg","jetpack_shortlink":"https:\/\/wp.me\/p6RhLt-fiP","jetpack_sharing_enabled":true,"_links":{"self":[{"href":"https:\/\/eldiariodesanpedro.com.ar\/sitio\/wp-json\/wp\/v2\/posts\/58827","targetHints":{"allow":["GET"]}}],"collection":[{"href":"https:\/\/eldiariodesanpedro.com.ar\/sitio\/wp-json\/wp\/v2\/posts"}],"about":[{"href":"https:\/\/eldiariodesanpedro.com.ar\/sitio\/wp-json\/wp\/v2\/types\/post"}],"author":[{"embeddable":true,"href":"https:\/\/eldiariodesanpedro.com.ar\/sitio\/wp-json\/wp\/v2\/users\/4"}],"replies":[{"embeddable":true,"href":"https:\/\/eldiariodesanpedro.com.ar\/sitio\/wp-json\/wp\/v2\/comments?post=58827"}],"version-history":[{"count":2,"href":"https:\/\/eldiariodesanpedro.com.ar\/sitio\/wp-json\/wp\/v2\/posts\/58827\/revisions"}],"predecessor-version":[{"id":58830,"href":"https:\/\/eldiariodesanpedro.com.ar\/sitio\/wp-json\/wp\/v2\/posts\/58827\/revisions\/58830"}],"wp:featuredmedia":[{"embeddable":true,"href":"https:\/\/eldiariodesanpedro.com.ar\/sitio\/wp-json\/wp\/v2\/media\/58828"}],"wp:attachment":[{"href":"https:\/\/eldiariodesanpedro.com.ar\/sitio\/wp-json\/wp\/v2\/media?parent=58827"}],"wp:term":[{"taxonomy":"category","embeddable":true,"href":"https:\/\/eldiariodesanpedro.com.ar\/sitio\/wp-json\/wp\/v2\/categories?post=58827"},{"taxonomy":"post_tag","embeddable":true,"href":"https:\/\/eldiariodesanpedro.com.ar\/sitio\/wp-json\/wp\/v2\/tags?post=58827"}],"curies":[{"name":"wp","href":"https:\/\/api.w.org\/{rel}","templated":true}]}}