{"id":58824,"date":"2019-08-27T10:41:29","date_gmt":"2019-08-27T13:41:29","guid":{"rendered":"https:\/\/eldiariodesanpedro.com.ar\/sitio\/?p=58824"},"modified":"2019-08-27T10:41:34","modified_gmt":"2019-08-27T13:41:34","slug":"san-nicolas-se-encadeno-en-la-puerta-del-palacio-municipal","status":"publish","type":"post","link":"https:\/\/eldiariodesanpedro.com.ar\/sitio\/san-nicolas-se-encadeno-en-la-puerta-del-palacio-municipal\/","title":{"rendered":"SAN NICOL\u00c1S | Se encaden\u00f3 en la puerta del Palacio Municipal"},"content":{"rendered":"<!-- VideographyWP Plugin Message: Automatic video embedding prevented by plugin options. -->\n\n<p>\n\nA primera hora de la ma\u00f1ana de este martes, un empleado municipal de 59 a\u00f1os decidi\u00f3 encadenarse en la entrada del municipio, en Pellegrini y Rivadavia.<\/p>\n\n\n\n<p>Hugo Alberto Caballero tiene 35 a\u00f1os de antig\u00fcedad y manifiesta su malestar por haber sido trasladado de su puesto de trabajo.<\/p>\n\n\n\n<p>EL INFORMANTE consult\u00f3 a fuentes del ejecutivo y se\u00f1alaron que Caballero estaba prestando servicio en Campos Salles y por \u201ccuestiones operativas\u201d fue derivado a Conesa.<\/p>\n\n\n\n<p>Mientras que su hijo, quien se encuentra acompa\u00f1\u00e1ndolo en la puerta de la municipalidad, indic\u00f3 que la medida hacia su padre se habr\u00eda tomado luego de que \u00e9l usurpara unos terrenos en barrio Avamba\u00e9 junto a otras personas. <\/p>\n\n\n\n<p>Fuente: Diario El Informante<\/p>\n","protected":false},"excerpt":{"rendered":"<p>A primera hora de la ma\u00f1ana de este martes, un empleado municipal de 59 a\u00f1os decidi\u00f3 encadenarse en la entrada del municipio, en Pellegrini y Rivadavia. Hugo Alberto Caballero tiene 35 a\u00f1os de antig\u00fcedad y manifiesta su malestar por haber sido trasladado de su puesto de trabajo. EL INFORMANTE consult\u00f3 a fuentes del ejecutivo y [&hellip;]<\/p>\n","protected":false},"author":4,"featured_media":58825,"comment_status":"open","ping_status":"closed","sticky":false,"template":"","format":"standard","meta":{"om_disable_all_campaigns":false,"_jetpack_memberships_contains_paid_content":false,"footnotes":""},"categories":[621],"tags":[],"class_list":["post-58824","post","type-post","status-publish","format-standard","has-post-thumbnail","hentry","category-regionales"],"aioseo_notices":[],"gutentor_comment":0,"jetpack_featured_media_url":"https:\/\/eldiariodesanpedro.com.ar\/sitio\/wp-content\/uploads\/2019\/08\/conmarca21780.jpg","jetpack_shortlink":"https:\/\/wp.me\/p6RhLt-fiM","jetpack_sharing_enabled":true,"_links":{"self":[{"href":"https:\/\/eldiariodesanpedro.com.ar\/sitio\/wp-json\/wp\/v2\/posts\/58824","targetHints":{"allow":["GET"]}}],"collection":[{"href":"https:\/\/eldiariodesanpedro.com.ar\/sitio\/wp-json\/wp\/v2\/posts"}],"about":[{"href":"https:\/\/eldiariodesanpedro.com.ar\/sitio\/wp-json\/wp\/v2\/types\/post"}],"author":[{"embeddable":true,"href":"https:\/\/eldiariodesanpedro.com.ar\/sitio\/wp-json\/wp\/v2\/users\/4"}],"replies":[{"embeddable":true,"href":"https:\/\/eldiariodesanpedro.com.ar\/sitio\/wp-json\/wp\/v2\/comments?post=58824"}],"version-history":[{"count":1,"href":"https:\/\/eldiariodesanpedro.com.ar\/sitio\/wp-json\/wp\/v2\/posts\/58824\/revisions"}],"predecessor-version":[{"id":58826,"href":"https:\/\/eldiariodesanpedro.com.ar\/sitio\/wp-json\/wp\/v2\/posts\/58824\/revisions\/58826"}],"wp:featuredmedia":[{"embeddable":true,"href":"https:\/\/eldiariodesanpedro.com.ar\/sitio\/wp-json\/wp\/v2\/media\/58825"}],"wp:attachment":[{"href":"https:\/\/eldiariodesanpedro.com.ar\/sitio\/wp-json\/wp\/v2\/media?parent=58824"}],"wp:term":[{"taxonomy":"category","embeddable":true,"href":"https:\/\/eldiariodesanpedro.com.ar\/sitio\/wp-json\/wp\/v2\/categories?post=58824"},{"taxonomy":"post_tag","embeddable":true,"href":"https:\/\/eldiariodesanpedro.com.ar\/sitio\/wp-json\/wp\/v2\/tags?post=58824"}],"curies":[{"name":"wp","href":"https:\/\/api.w.org\/{rel}","templated":true}]}}