{"id":58820,"date":"2019-08-27T11:06:39","date_gmt":"2019-08-27T14:06:39","guid":{"rendered":"https:\/\/eldiariodesanpedro.com.ar\/sitio\/?p=58820"},"modified":"2019-08-27T11:06:43","modified_gmt":"2019-08-27T14:06:43","slug":"aprehendido-por-tenencia-de-marihuana-8","status":"publish","type":"post","link":"https:\/\/eldiariodesanpedro.com.ar\/sitio\/aprehendido-por-tenencia-de-marihuana-8\/","title":{"rendered":"Aprehendido por tenencia de marihuana"},"content":{"rendered":"<!-- VideographyWP Plugin Message: Automatic video embedding prevented by plugin options. -->\n\n<p>Personal de comisaria de nuestra ciudad procedi\u00f3 a la aprehensi\u00f3n de un joven de 27 a\u00f1os de edad quien tenia en su poder marihuana compacta, cigarrillo de la misma sustancia y elementos varios para consumo.<\/p>\n\n\n\n<p>Sucedi\u00f3  en calle Almirante Brown s\/n predio Paseo Publico cuando efectivos policiales que se encontraban en recorrida habitual  interceptan a un joven que al cursar sus datos en el sistema inform\u00e1tico constatan que tenia entre sus prendas 2 envoltorio de nylon conteniendo marihuana trozo compacto marihuana, frasco pl\u00e1stico color rojo con trozo compacto marihuana, cigarrillo semi combustionado marihuana, y elementos varios para consumo estupefaciente. <\/p>\n\n\n\n<p>Interviene la fiscalia local.<br><\/p>\n","protected":false},"excerpt":{"rendered":"<p>Personal de comisaria de nuestra ciudad procedi\u00f3 a la aprehensi\u00f3n de un joven de 27 a\u00f1os de edad quien tenia en su poder marihuana compacta, cigarrillo de la misma sustancia y elementos varios para consumo. Sucedi\u00f3 en calle Almirante Brown s\/n predio Paseo Publico cuando efectivos policiales que se encontraban en recorrida habitual interceptan a [&hellip;]<\/p>\n","protected":false},"author":4,"featured_media":58783,"comment_status":"open","ping_status":"closed","sticky":false,"template":"","format":"standard","meta":{"om_disable_all_campaigns":false,"_jetpack_memberships_contains_paid_content":false,"footnotes":""},"categories":[2,103],"tags":[],"class_list":["post-58820","post","type-post","status-publish","format-standard","has-post-thumbnail","hentry","category-locales","category-policiales-locales"],"aioseo_notices":[],"gutentor_comment":0,"jetpack_featured_media_url":"https:\/\/eldiariodesanpedro.com.ar\/sitio\/wp-content\/uploads\/2019\/08\/no_mt7cql21cmqg5o5patru.jpg","jetpack_shortlink":"https:\/\/wp.me\/p6RhLt-fiI","jetpack_sharing_enabled":true,"_links":{"self":[{"href":"https:\/\/eldiariodesanpedro.com.ar\/sitio\/wp-json\/wp\/v2\/posts\/58820","targetHints":{"allow":["GET"]}}],"collection":[{"href":"https:\/\/eldiariodesanpedro.com.ar\/sitio\/wp-json\/wp\/v2\/posts"}],"about":[{"href":"https:\/\/eldiariodesanpedro.com.ar\/sitio\/wp-json\/wp\/v2\/types\/post"}],"author":[{"embeddable":true,"href":"https:\/\/eldiariodesanpedro.com.ar\/sitio\/wp-json\/wp\/v2\/users\/4"}],"replies":[{"embeddable":true,"href":"https:\/\/eldiariodesanpedro.com.ar\/sitio\/wp-json\/wp\/v2\/comments?post=58820"}],"version-history":[{"count":1,"href":"https:\/\/eldiariodesanpedro.com.ar\/sitio\/wp-json\/wp\/v2\/posts\/58820\/revisions"}],"predecessor-version":[{"id":58844,"href":"https:\/\/eldiariodesanpedro.com.ar\/sitio\/wp-json\/wp\/v2\/posts\/58820\/revisions\/58844"}],"wp:featuredmedia":[{"embeddable":true,"href":"https:\/\/eldiariodesanpedro.com.ar\/sitio\/wp-json\/wp\/v2\/media\/58783"}],"wp:attachment":[{"href":"https:\/\/eldiariodesanpedro.com.ar\/sitio\/wp-json\/wp\/v2\/media?parent=58820"}],"wp:term":[{"taxonomy":"category","embeddable":true,"href":"https:\/\/eldiariodesanpedro.com.ar\/sitio\/wp-json\/wp\/v2\/categories?post=58820"},{"taxonomy":"post_tag","embeddable":true,"href":"https:\/\/eldiariodesanpedro.com.ar\/sitio\/wp-json\/wp\/v2\/tags?post=58820"}],"curies":[{"name":"wp","href":"https:\/\/api.w.org\/{rel}","templated":true}]}}