{"id":58817,"date":"2019-08-27T10:27:51","date_gmt":"2019-08-27T13:27:51","guid":{"rendered":"https:\/\/eldiariodesanpedro.com.ar\/sitio\/?p=58817"},"modified":"2019-08-27T10:27:55","modified_gmt":"2019-08-27T13:27:55","slug":"mte-exige-un-programa-de-gestion-integral-de-reciclado-en-san-pedro","status":"publish","type":"post","link":"https:\/\/eldiariodesanpedro.com.ar\/sitio\/mte-exige-un-programa-de-gestion-integral-de-reciclado-en-san-pedro\/","title":{"rendered":"MTE exige un programa de gesti\u00f3n integral de reciclado en San Pedro"},"content":{"rendered":"<!-- VideographyWP Plugin Message: Automatic video embedding prevented by plugin options. -->\n\n<p>Por la ma\u00f1ana del lunes, trabajadores del basural nuevamente manifestaron en las puertas del Palacio Municipal sus acuerdos no cumplidos con el ejecutivo y un programa de reciclado mejor.<\/p>\n\n\n\n<p>Desde el Movimiento de Trabajadores Exclu\u00eddos exigen al gobierno municipal la implementaci\u00f3n de una gesti\u00f3n social de reciclado y tratamiento articulado del proyecto Puntos Verdes, de manera tal que el material reciclable llegue a manos cartoneras.\u00a0 <\/p>\n\n\n\n<p>Gerardo, representante del MTE dialogo con nuestro medio luego de encontrarse reunido en el HCD y nos cont\u00f3, \u00abnos acercamos a la comisi\u00f3n de turismo y ambiente para discutir un proyecto que tiene que ver con los puntos verdes en los cuales nosotros les hicimos algunas sugerencias que fueron bien recibidas que tiene mas que nada clarificar el destino de esos materiales reciclables, que  mayor mente no llegan a los recicladores urbanos\u00bb<\/p>\n\n\n\n<p>\u00abNos dijeron que iban a mejorar la redacci\u00f3n de la ordenanza,  que tambi\u00e9n permita un marco legislativo para que las condiciones de los trabajadores mejoren\u00bb<\/p>\n\n\n\n<p>\u00abPor parte de la municipalidad resalto que hemos logrado una articulaci\u00f3n en conjunto con el MTE para lograr la construcci\u00f3n de una guarder\u00eda que  va a permitir que no halla mas ni\u00f1os y ni\u00f1as en el basural a cielo abierto, eso es muy importante, pero bueno los ba\u00f1os todav\u00eda no se construyeron ni hay qu\u00edmicos tampoco\u00bb.<\/p>\n\n\n\n<p>Por ultimo agrego, \u00abesperamos como siempre digo que la actual gesti\u00f3n y los distintos bloques de concejales salden la deuda historia que tienen con los recicladores de su ciudad y esperemos que sea pronto, necesitan un reconocimiento estos chicos, su trabajo de reciclado ha aumentado mucho\u00bb, culmino.<\/p>\n\n\n\n<p><\/p>\n\n\n\n<p><\/p>\n","protected":false},"excerpt":{"rendered":"<p>Por la ma\u00f1ana del lunes, trabajadores del basural nuevamente manifestaron en las puertas del Palacio Municipal sus acuerdos no cumplidos con el ejecutivo y un programa de reciclado mejor. Desde el Movimiento de Trabajadores Exclu\u00eddos exigen al gobierno municipal la implementaci\u00f3n de una gesti\u00f3n social de reciclado y tratamiento articulado del proyecto Puntos Verdes, de [&hellip;]<\/p>\n","protected":false},"author":4,"featured_media":58818,"comment_status":"open","ping_status":"closed","sticky":false,"template":"","format":"standard","meta":{"om_disable_all_campaigns":false,"_jetpack_memberships_contains_paid_content":false,"footnotes":""},"categories":[101,2],"tags":[],"class_list":["post-58817","post","type-post","status-publish","format-standard","has-post-thumbnail","hentry","category-interes-general-locales","category-locales"],"aioseo_notices":[],"gutentor_comment":0,"jetpack_featured_media_url":"https:\/\/eldiariodesanpedro.com.ar\/sitio\/wp-content\/uploads\/2019\/08\/69454279_1066734553535683_1438524241241702400_o.jpg","jetpack_shortlink":"https:\/\/wp.me\/p6RhLt-fiF","jetpack_sharing_enabled":true,"_links":{"self":[{"href":"https:\/\/eldiariodesanpedro.com.ar\/sitio\/wp-json\/wp\/v2\/posts\/58817","targetHints":{"allow":["GET"]}}],"collection":[{"href":"https:\/\/eldiariodesanpedro.com.ar\/sitio\/wp-json\/wp\/v2\/posts"}],"about":[{"href":"https:\/\/eldiariodesanpedro.com.ar\/sitio\/wp-json\/wp\/v2\/types\/post"}],"author":[{"embeddable":true,"href":"https:\/\/eldiariodesanpedro.com.ar\/sitio\/wp-json\/wp\/v2\/users\/4"}],"replies":[{"embeddable":true,"href":"https:\/\/eldiariodesanpedro.com.ar\/sitio\/wp-json\/wp\/v2\/comments?post=58817"}],"version-history":[{"count":1,"href":"https:\/\/eldiariodesanpedro.com.ar\/sitio\/wp-json\/wp\/v2\/posts\/58817\/revisions"}],"predecessor-version":[{"id":58819,"href":"https:\/\/eldiariodesanpedro.com.ar\/sitio\/wp-json\/wp\/v2\/posts\/58817\/revisions\/58819"}],"wp:featuredmedia":[{"embeddable":true,"href":"https:\/\/eldiariodesanpedro.com.ar\/sitio\/wp-json\/wp\/v2\/media\/58818"}],"wp:attachment":[{"href":"https:\/\/eldiariodesanpedro.com.ar\/sitio\/wp-json\/wp\/v2\/media?parent=58817"}],"wp:term":[{"taxonomy":"category","embeddable":true,"href":"https:\/\/eldiariodesanpedro.com.ar\/sitio\/wp-json\/wp\/v2\/categories?post=58817"},{"taxonomy":"post_tag","embeddable":true,"href":"https:\/\/eldiariodesanpedro.com.ar\/sitio\/wp-json\/wp\/v2\/tags?post=58817"}],"curies":[{"name":"wp","href":"https:\/\/api.w.org\/{rel}","templated":true}]}}