{"id":58814,"date":"2019-08-27T10:05:42","date_gmt":"2019-08-27T13:05:42","guid":{"rendered":"https:\/\/eldiariodesanpedro.com.ar\/sitio\/?p=58814"},"modified":"2019-08-27T10:05:46","modified_gmt":"2019-08-27T13:05:46","slug":"partido-socialista-fernando-nouet-se-reunio-con-jorge-illa","status":"publish","type":"post","link":"https:\/\/eldiariodesanpedro.com.ar\/sitio\/partido-socialista-fernando-nouet-se-reunio-con-jorge-illa\/","title":{"rendered":"Partido Socialista: Fernando Nouet se reuni\u00f3 con Jorge Illa"},"content":{"rendered":"<!-- VideographyWP Plugin Message: Automatic video embedding prevented by plugin options. -->\n\n<p>Este lunes el candidato a intendente Fernando Nouet se reuni\u00f3 con el Presidente de la C\u00e1mara de Diputados de Santa Fe Antonio Bonfatti y el candidato a Diputado Nacional por la provincia de Buenos Aires Jorge Illa para analizar distintas situaciones de cara a las pr\u00f3ximas elecciones generales de octubre.<br><\/p>\n\n\n\n<p> El Partido Socialista de Argentina se comprometi\u00f3 a \u00abredoblar esfuerzos para que crezca en todo el pa\u00eds\u00bb la alianza Consenso Federal, de la que forma parte, y que postula a Roberto Lavagna como candidato a presidente. <\/p>\n\n\n\n<p> \u00abAnte el notorio empeoramiento econ\u00f3mico vivido pasadas las PASO, profundizaremos nuestra propuesta sobre las medidas econ\u00f3micas que tiene Lavagna para el pa\u00eds\u00bb, sentenci\u00f3 el presidente del PS, Antonio Bonfatti en la reuni\u00f3n, quien ademas analiz\u00f3 la situaci\u00f3n pol\u00edtica actual y la performance de esa alianza con Jorge Illa, Secretario General Adjunto del PS y candidato a Diputado Nacional por Consenso Federal, y Fernando Nouet, secretario general del socialismo de la provincia de Buenos Aires y candidato a intendente del partido de San Pedro por el \u00ablavagnismo\u00bb.<\/p>\n\n\n\n<p>Illa afirm\u00f3 ademas que \u00abRoberto Lavagna ha demostrado que es posible proponer una salida a la profunda crisis a la que nos ha expuesto Cambiemos, y ello con la solidez, dada por su experiencia y por el equipo que lo acompa\u00f1a. Desde el socialismo, queremos dar nuestro aporte a la construcci\u00f3n de esta alternativa para el pa\u00eds\u00bb. <\/p>\n","protected":false},"excerpt":{"rendered":"<p>Este lunes el candidato a intendente Fernando Nouet se reuni\u00f3 con el Presidente de la C\u00e1mara de Diputados de Santa Fe Antonio Bonfatti y el candidato a Diputado Nacional por la provincia de Buenos Aires Jorge Illa para analizar distintas situaciones de cara a las pr\u00f3ximas elecciones generales de octubre. El Partido Socialista de Argentina [&hellip;]<\/p>\n","protected":false},"author":4,"featured_media":58815,"comment_status":"open","ping_status":"closed","sticky":false,"template":"","format":"standard","meta":{"om_disable_all_campaigns":false,"_jetpack_memberships_contains_paid_content":false,"footnotes":""},"categories":[2,102],"tags":[],"class_list":["post-58814","post","type-post","status-publish","format-standard","has-post-thumbnail","hentry","category-locales","category-politica-locales"],"aioseo_notices":[],"gutentor_comment":0,"jetpack_featured_media_url":"https:\/\/eldiariodesanpedro.com.ar\/sitio\/wp-content\/uploads\/2019\/08\/image.png","jetpack_shortlink":"https:\/\/wp.me\/p6RhLt-fiC","jetpack_sharing_enabled":true,"_links":{"self":[{"href":"https:\/\/eldiariodesanpedro.com.ar\/sitio\/wp-json\/wp\/v2\/posts\/58814","targetHints":{"allow":["GET"]}}],"collection":[{"href":"https:\/\/eldiariodesanpedro.com.ar\/sitio\/wp-json\/wp\/v2\/posts"}],"about":[{"href":"https:\/\/eldiariodesanpedro.com.ar\/sitio\/wp-json\/wp\/v2\/types\/post"}],"author":[{"embeddable":true,"href":"https:\/\/eldiariodesanpedro.com.ar\/sitio\/wp-json\/wp\/v2\/users\/4"}],"replies":[{"embeddable":true,"href":"https:\/\/eldiariodesanpedro.com.ar\/sitio\/wp-json\/wp\/v2\/comments?post=58814"}],"version-history":[{"count":1,"href":"https:\/\/eldiariodesanpedro.com.ar\/sitio\/wp-json\/wp\/v2\/posts\/58814\/revisions"}],"predecessor-version":[{"id":58816,"href":"https:\/\/eldiariodesanpedro.com.ar\/sitio\/wp-json\/wp\/v2\/posts\/58814\/revisions\/58816"}],"wp:featuredmedia":[{"embeddable":true,"href":"https:\/\/eldiariodesanpedro.com.ar\/sitio\/wp-json\/wp\/v2\/media\/58815"}],"wp:attachment":[{"href":"https:\/\/eldiariodesanpedro.com.ar\/sitio\/wp-json\/wp\/v2\/media?parent=58814"}],"wp:term":[{"taxonomy":"category","embeddable":true,"href":"https:\/\/eldiariodesanpedro.com.ar\/sitio\/wp-json\/wp\/v2\/categories?post=58814"},{"taxonomy":"post_tag","embeddable":true,"href":"https:\/\/eldiariodesanpedro.com.ar\/sitio\/wp-json\/wp\/v2\/tags?post=58814"}],"curies":[{"name":"wp","href":"https:\/\/api.w.org\/{rel}","templated":true}]}}