{"id":58805,"date":"2019-08-27T09:29:39","date_gmt":"2019-08-27T12:29:39","guid":{"rendered":"https:\/\/eldiariodesanpedro.com.ar\/sitio\/?p=58805"},"modified":"2019-08-27T09:29:44","modified_gmt":"2019-08-27T12:29:44","slug":"se-inauguro-el-nuevo-edificio-para-talleres-de-la-escuela-agraria-no1","status":"publish","type":"post","link":"https:\/\/eldiariodesanpedro.com.ar\/sitio\/se-inauguro-el-nuevo-edificio-para-talleres-de-la-escuela-agraria-no1\/","title":{"rendered":"Se inaugur\u00f3 el nuevo edificio para talleres de la Escuela Agraria N\u00ba1"},"content":{"rendered":"<!-- VideographyWP Plugin Message: Automatic video embedding prevented by plugin options. -->\n\n<p>Esta ubicado en la entrada del gran predio que tiene la escuela; con la presencia del Ministro de Educaci\u00f3n  Gabriel S\u00e1nchez Zinny, esta ma\u00f1ana quedo inaugurada la obra tan esperada.<\/p>\n\n\n\n<p>La escuela se encuentra  en la Colectora  de la vieja Ruta 9 km 155, Rio Tala y asisten alrededor de 200 alumnos. All\u00ed estudian la especialidad en Tecnicatura en Producci\u00f3n de Agroalimentos,  una carrera secundaria que dura 7 a\u00f1os.<\/p>\n\n\n\n<p>Una escuela donde lucho por d\u00e9cadas para poder formar un establecimiento propio, proyectos que iban y ven\u00edan en diferentes gestiones, hasta que lo logr\u00f3 en la localidad vecina, Rio Tala.<\/p>\n\n\n\n<p>Hoy se pudo terminar otra parte que alguna vez tambi\u00e9n se inicio, un nuevo edificio para talleres de la agroindustria<\/p>\n\n\n\n<ul class=\"wp-block-gallery columns-3 is-cropped wp-block-gallery-1 is-layout-flex wp-block-gallery-is-layout-flex\"><li class=\"blocks-gallery-item\"><figure><img decoding=\"async\" width=\"600\" height=\"400\" data-attachment-id=\"58806\" data-permalink=\"https:\/\/eldiariodesanpedro.com.ar\/sitio\/se-inauguro-el-nuevo-edificio-para-talleres-de-la-escuela-agraria-no1\/68904217_2717000968330717_8506044169788063744_n\/\" data-orig-file=\"https:\/\/eldiariodesanpedro.com.ar\/sitio\/wp-content\/uploads\/2019\/08\/68904217_2717000968330717_8506044169788063744_n.jpg\" data-orig-size=\"600,400\" data-comments-opened=\"1\" data-image-meta=\"{&quot;aperture&quot;:&quot;0&quot;,&quot;credit&quot;:&quot;&quot;,&quot;camera&quot;:&quot;&quot;,&quot;caption&quot;:&quot;&quot;,&quot;created_timestamp&quot;:&quot;0&quot;,&quot;copyright&quot;:&quot;&quot;,&quot;focal_length&quot;:&quot;0&quot;,&quot;iso&quot;:&quot;0&quot;,&quot;shutter_speed&quot;:&quot;0&quot;,&quot;title&quot;:&quot;&quot;,&quot;orientation&quot;:&quot;0&quot;}\" data-image-title=\"68904217_2717000968330717_8506044169788063744_n\" data-image-description=\"\" data-image-caption=\"\" data-large-file=\"https:\/\/eldiariodesanpedro.com.ar\/sitio\/wp-content\/uploads\/2019\/08\/68904217_2717000968330717_8506044169788063744_n.jpg\" data-src=\"https:\/\/eldiariodesanpedro.com.ar\/sitio\/wp-content\/uploads\/2019\/08\/68904217_2717000968330717_8506044169788063744_n.jpg\" alt=\"\" data-id=\"58806\" data-link=\"https:\/\/eldiariodesanpedro.com.ar\/sitio\/?attachment_id=58806\" class=\"wp-image-58806 lazyload\" data-srcset=\"https:\/\/eldiariodesanpedro.com.ar\/sitio\/wp-content\/uploads\/2019\/08\/68904217_2717000968330717_8506044169788063744_n.jpg 600w, https:\/\/eldiariodesanpedro.com.ar\/sitio\/wp-content\/uploads\/2019\/08\/68904217_2717000968330717_8506044169788063744_n-300x200.jpg 300w\" data-sizes=\"(max-width: 600px) 100vw, 600px\" src=\"data:image\/svg+xml;base64,PHN2ZyB3aWR0aD0iMSIgaGVpZ2h0PSIxIiB4bWxucz0iaHR0cDovL3d3dy53My5vcmcvMjAwMC9zdmciPjwvc3ZnPg==\" style=\"--smush-placeholder-width: 600px; --smush-placeholder-aspect-ratio: 600\/400;\" \/><\/figure><\/li><li class=\"blocks-gallery-item\"><figure><img decoding=\"async\" width=\"960\" height=\"720\" data-attachment-id=\"58807\" data-permalink=\"https:\/\/eldiariodesanpedro.com.ar\/sitio\/se-inauguro-el-nuevo-edificio-para-talleres-de-la-escuela-agraria-no1\/69027207_2717001044997376_6093310166290137088_n\/\" data-orig-file=\"https:\/\/eldiariodesanpedro.com.ar\/sitio\/wp-content\/uploads\/2019\/08\/69027207_2717001044997376_6093310166290137088_n.jpg\" data-orig-size=\"960,720\" data-comments-opened=\"1\" data-image-meta=\"{&quot;aperture&quot;:&quot;0&quot;,&quot;credit&quot;:&quot;&quot;,&quot;camera&quot;:&quot;&quot;,&quot;caption&quot;:&quot;&quot;,&quot;created_timestamp&quot;:&quot;0&quot;,&quot;copyright&quot;:&quot;&quot;,&quot;focal_length&quot;:&quot;0&quot;,&quot;iso&quot;:&quot;0&quot;,&quot;shutter_speed&quot;:&quot;0&quot;,&quot;title&quot;:&quot;&quot;,&quot;orientation&quot;:&quot;0&quot;}\" data-image-title=\"69027207_2717001044997376_6093310166290137088_n\" data-image-description=\"\" data-image-caption=\"\" data-large-file=\"https:\/\/eldiariodesanpedro.com.ar\/sitio\/wp-content\/uploads\/2019\/08\/69027207_2717001044997376_6093310166290137088_n.jpg\" data-src=\"https:\/\/eldiariodesanpedro.com.ar\/sitio\/wp-content\/uploads\/2019\/08\/69027207_2717001044997376_6093310166290137088_n.jpg\" alt=\"\" data-id=\"58807\" data-link=\"https:\/\/eldiariodesanpedro.com.ar\/sitio\/?attachment_id=58807\" class=\"wp-image-58807 lazyload\" data-srcset=\"https:\/\/eldiariodesanpedro.com.ar\/sitio\/wp-content\/uploads\/2019\/08\/69027207_2717001044997376_6093310166290137088_n.jpg 960w, https:\/\/eldiariodesanpedro.com.ar\/sitio\/wp-content\/uploads\/2019\/08\/69027207_2717001044997376_6093310166290137088_n-300x225.jpg 300w, https:\/\/eldiariodesanpedro.com.ar\/sitio\/wp-content\/uploads\/2019\/08\/69027207_2717001044997376_6093310166290137088_n-768x576.jpg 768w\" data-sizes=\"(max-width: 960px) 100vw, 960px\" src=\"data:image\/svg+xml;base64,PHN2ZyB3aWR0aD0iMSIgaGVpZ2h0PSIxIiB4bWxucz0iaHR0cDovL3d3dy53My5vcmcvMjAwMC9zdmciPjwvc3ZnPg==\" style=\"--smush-placeholder-width: 960px; --smush-placeholder-aspect-ratio: 960\/720;\" \/><\/figure><\/li><li class=\"blocks-gallery-item\"><figure><img decoding=\"async\" width=\"960\" height=\"640\" data-attachment-id=\"58808\" data-permalink=\"https:\/\/eldiariodesanpedro.com.ar\/sitio\/se-inauguro-el-nuevo-edificio-para-talleres-de-la-escuela-agraria-no1\/69811728_2717000964997384_2666490515410649088_n\/\" data-orig-file=\"https:\/\/eldiariodesanpedro.com.ar\/sitio\/wp-content\/uploads\/2019\/08\/69811728_2717000964997384_2666490515410649088_n.jpg\" data-orig-size=\"960,640\" data-comments-opened=\"1\" data-image-meta=\"{&quot;aperture&quot;:&quot;0&quot;,&quot;credit&quot;:&quot;&quot;,&quot;camera&quot;:&quot;&quot;,&quot;caption&quot;:&quot;&quot;,&quot;created_timestamp&quot;:&quot;0&quot;,&quot;copyright&quot;:&quot;&quot;,&quot;focal_length&quot;:&quot;0&quot;,&quot;iso&quot;:&quot;0&quot;,&quot;shutter_speed&quot;:&quot;0&quot;,&quot;title&quot;:&quot;&quot;,&quot;orientation&quot;:&quot;0&quot;}\" data-image-title=\"69811728_2717000964997384_2666490515410649088_n\" data-image-description=\"\" data-image-caption=\"\" data-large-file=\"https:\/\/eldiariodesanpedro.com.ar\/sitio\/wp-content\/uploads\/2019\/08\/69811728_2717000964997384_2666490515410649088_n.jpg\" data-src=\"https:\/\/eldiariodesanpedro.com.ar\/sitio\/wp-content\/uploads\/2019\/08\/69811728_2717000964997384_2666490515410649088_n.jpg\" alt=\"\" data-id=\"58808\" data-link=\"https:\/\/eldiariodesanpedro.com.ar\/sitio\/?attachment_id=58808\" class=\"wp-image-58808 lazyload\" data-srcset=\"https:\/\/eldiariodesanpedro.com.ar\/sitio\/wp-content\/uploads\/2019\/08\/69811728_2717000964997384_2666490515410649088_n.jpg 960w, https:\/\/eldiariodesanpedro.com.ar\/sitio\/wp-content\/uploads\/2019\/08\/69811728_2717000964997384_2666490515410649088_n-300x200.jpg 300w, https:\/\/eldiariodesanpedro.com.ar\/sitio\/wp-content\/uploads\/2019\/08\/69811728_2717000964997384_2666490515410649088_n-768x512.jpg 768w\" data-sizes=\"(max-width: 960px) 100vw, 960px\" src=\"data:image\/svg+xml;base64,PHN2ZyB3aWR0aD0iMSIgaGVpZ2h0PSIxIiB4bWxucz0iaHR0cDovL3d3dy53My5vcmcvMjAwMC9zdmciPjwvc3ZnPg==\" style=\"--smush-placeholder-width: 960px; --smush-placeholder-aspect-ratio: 960\/640;\" \/><\/figure><\/li><\/ul>\n\n\n\n<p>  <br>El intendente Cecilio Salazar expreso en el acto oficial ante familias y alumnos presentes,\u00bbestoy muy feliz, es una obra que me emociona mucho, venimos sigui\u00e9ndola desde el comienzo, ladrillo por ladrillo, ten\u00edamos mucha ansiedad por terminarla\u00bb<\/p>\n\n\n\n<p>\u00abNosotros hicimos este trabajo para ustedes, siempre destaco la gran importancia de la educaci\u00f3n para los ni\u00f1os, ahora les toca a ustedes cuidarla\u00bb.<\/p>\n\n\n\n<p>Tambi\u00e9n el Ministro brindo unas palabras, \u00abmuy feliz de volver a san pedro por otra escuela, tienen un intendente intenso, siempre preocupado por la educaci\u00f3n,  lo resalto por que a cualquier hora te habla preocupado por construir m\u00e1s en la educaci\u00f3n de su ciudad, falta poco para terminar otra tambi\u00e9n que tenemos en obra que es la escuela 1\u00bb<\/p>\n\n\n\n<p>\u00abEn esta escuela tienen mucho futuro, las escuelas agrarias son de una modalidad abierta y amplia. Estamos convencidos, quienes trabajamos en esto, que estos establecimientos son el futuro de nuestro pa\u00eds, porque somos productores de alimentos sanos y seguros\u00bb , culminaba.<\/p>\n\n\n\n<p>La modalidad de la escuela es simple: por la ma\u00f1ana se dictan las materias curriculares y por la tarde se dan los proyectos o pr\u00e1cticas. Luego de seis a\u00f1os de cursada, se otorga el t\u00edtulo de bachiller agrario y, adem\u00e1s, hay un s\u00e9ptimo a\u00f1o optativo para obtener el t\u00edtulo de t\u00e9cnico agropecuario con orientaci\u00f3n en agroalimentos.<\/p>\n\n\n\n<p>Salazar , luego de la recorrida en el nuevo edificio anuncio que esta el proyecto para realizar un playon deportivo.<\/p>\n\n\n\n<p><\/p>\n\n\n\n<p><br><\/p>\n","protected":false},"excerpt":{"rendered":"<p>Esta ubicado en la entrada del gran predio que tiene la escuela; con la presencia del Ministro de Educaci\u00f3n Gabriel S\u00e1nchez Zinny, esta ma\u00f1ana quedo inaugurada la obra tan esperada. La escuela se encuentra en la Colectora de la vieja Ruta 9 km 155, Rio Tala y asisten alrededor de 200 alumnos. All\u00ed estudian la [&hellip;]<\/p>\n","protected":false},"author":4,"featured_media":58810,"comment_status":"open","ping_status":"closed","sticky":false,"template":"","format":"standard","meta":{"om_disable_all_campaigns":false,"_jetpack_memberships_contains_paid_content":false,"footnotes":""},"categories":[50,101,2],"tags":[],"class_list":["post-58805","post","type-post","status-publish","format-standard","has-post-thumbnail","hentry","category-destacadas","category-interes-general-locales","category-locales"],"aioseo_notices":[],"gutentor_comment":0,"jetpack_featured_media_url":"https:\/\/eldiariodesanpedro.com.ar\/sitio\/wp-content\/uploads\/2019\/08\/IMG-20190827-WA0002.jpg","jetpack_shortlink":"https:\/\/wp.me\/p6RhLt-fit","jetpack_sharing_enabled":true,"_links":{"self":[{"href":"https:\/\/eldiariodesanpedro.com.ar\/sitio\/wp-json\/wp\/v2\/posts\/58805","targetHints":{"allow":["GET"]}}],"collection":[{"href":"https:\/\/eldiariodesanpedro.com.ar\/sitio\/wp-json\/wp\/v2\/posts"}],"about":[{"href":"https:\/\/eldiariodesanpedro.com.ar\/sitio\/wp-json\/wp\/v2\/types\/post"}],"author":[{"embeddable":true,"href":"https:\/\/eldiariodesanpedro.com.ar\/sitio\/wp-json\/wp\/v2\/users\/4"}],"replies":[{"embeddable":true,"href":"https:\/\/eldiariodesanpedro.com.ar\/sitio\/wp-json\/wp\/v2\/comments?post=58805"}],"version-history":[{"count":1,"href":"https:\/\/eldiariodesanpedro.com.ar\/sitio\/wp-json\/wp\/v2\/posts\/58805\/revisions"}],"predecessor-version":[{"id":58811,"href":"https:\/\/eldiariodesanpedro.com.ar\/sitio\/wp-json\/wp\/v2\/posts\/58805\/revisions\/58811"}],"wp:featuredmedia":[{"embeddable":true,"href":"https:\/\/eldiariodesanpedro.com.ar\/sitio\/wp-json\/wp\/v2\/media\/58810"}],"wp:attachment":[{"href":"https:\/\/eldiariodesanpedro.com.ar\/sitio\/wp-json\/wp\/v2\/media?parent=58805"}],"wp:term":[{"taxonomy":"category","embeddable":true,"href":"https:\/\/eldiariodesanpedro.com.ar\/sitio\/wp-json\/wp\/v2\/categories?post=58805"},{"taxonomy":"post_tag","embeddable":true,"href":"https:\/\/eldiariodesanpedro.com.ar\/sitio\/wp-json\/wp\/v2\/tags?post=58805"}],"curies":[{"name":"wp","href":"https:\/\/api.w.org\/{rel}","templated":true}]}}