{"id":58802,"date":"2019-08-26T18:53:57","date_gmt":"2019-08-26T21:53:57","guid":{"rendered":"https:\/\/eldiariodesanpedro.com.ar\/sitio\/?p=58802"},"modified":"2019-08-26T18:54:01","modified_gmt":"2019-08-26T21:54:01","slug":"baradero-belen-cardoso-mama-de-bianca-morel-esta-consciente-en-terapia-intermedia","status":"publish","type":"post","link":"https:\/\/eldiariodesanpedro.com.ar\/sitio\/baradero-belen-cardoso-mama-de-bianca-morel-esta-consciente-en-terapia-intermedia\/","title":{"rendered":"BARADERO: Belen Cardoso, mam\u00e1 de Bianca Morel: \u201cEst\u00e1 consciente en Terapia Intermedia\u201d"},"content":{"rendered":"<!-- VideographyWP Plugin Message: Automatic video embedding prevented by plugin options. -->\n\n<p>&nbsp;La salud de Bianquita, le nena de dos a\u00f1os, que sufri\u00f3 las consecuencias de la explosi\u00f3n de una garrafa en una Jineteada de R\u00edo Tala que le ocasion\u00f3 fracturas en el cr\u00e1neo, ha provocado conmoci\u00f3n en nuestra comunidad por lo que tambi\u00e9n desde el momento de conocerse la noticias comenz\u00f3 un pedido de cadena de oraci\u00f3n por su salud. Al San Pedro no contar con un Centro de Salud de alta complejidad, la trasladaron al Hospital de Ni\u00f1o en La Plata en donde est\u00e1 internada. Bel\u00e9n Cardoso es su mam\u00e1, quien habl\u00f3 con la ma\u00f1ana de LS2 RADIO 96.9 contando lo sucedido y confirmando que los m\u00e9dicos le confirmaron que est\u00e1 \u201cFuera de peligro\u201d.<\/p>\n\n\n\n<p>En particular sobre el estado de salud actual, coment\u00f3:&nbsp;<em>\u201cEst\u00e1 estable ella, lo que fue es que tuvo un impacto muy fuerte cuando exploto la garrafa, le peg\u00f3 la hornalla en la cabeza y tuvo una fractura en el cr\u00e1neo por lo que me dijeron los m\u00e9dicos, de todas formas ella est\u00e1 bien, no hay peligro. Est\u00e1 internada en Terapia intermedia\u201d<\/em><\/p>\n\n\n\n<p>Con respecto al episodio ocurrido, detall\u00f3:\u00a0<em>\u201cEst\u00e1bamos en una jineteada, y hab\u00edamos llevado de Baradero una garrafa con un calentador para calentar el agua, se ve que la garrafa se fue moviendo en el viaje, la dejamos al lado de donde est\u00e1bamos nosotros, explot\u00f3 la garrafa, y la parte de la hornalla le peg\u00f3 en la cabeza\u201d<\/em><\/p>\n\n\n\n<figure class=\"wp-block-image\"><img decoding=\"async\" width=\"505\" height=\"419\" data-attachment-id=\"58803\" data-permalink=\"https:\/\/eldiariodesanpedro.com.ar\/sitio\/baradero-belen-cardoso-mama-de-bianca-morel-esta-consciente-en-terapia-intermedia\/belu-bianca\/\" data-orig-file=\"https:\/\/eldiariodesanpedro.com.ar\/sitio\/wp-content\/uploads\/2019\/08\/Belu-Bianca.jpg\" data-orig-size=\"505,419\" data-comments-opened=\"1\" data-image-meta=\"{&quot;aperture&quot;:&quot;0&quot;,&quot;credit&quot;:&quot;&quot;,&quot;camera&quot;:&quot;&quot;,&quot;caption&quot;:&quot;&quot;,&quot;created_timestamp&quot;:&quot;0&quot;,&quot;copyright&quot;:&quot;&quot;,&quot;focal_length&quot;:&quot;0&quot;,&quot;iso&quot;:&quot;0&quot;,&quot;shutter_speed&quot;:&quot;0&quot;,&quot;title&quot;:&quot;&quot;,&quot;orientation&quot;:&quot;0&quot;}\" data-image-title=\"Belu-Bianca\" data-image-description=\"\" data-image-caption=\"\" data-large-file=\"https:\/\/eldiariodesanpedro.com.ar\/sitio\/wp-content\/uploads\/2019\/08\/Belu-Bianca.jpg\" data-src=\"https:\/\/eldiariodesanpedro.com.ar\/sitio\/wp-content\/uploads\/2019\/08\/Belu-Bianca.jpg\" alt=\"\" class=\"wp-image-58803 lazyload\" data-srcset=\"https:\/\/eldiariodesanpedro.com.ar\/sitio\/wp-content\/uploads\/2019\/08\/Belu-Bianca.jpg 505w, https:\/\/eldiariodesanpedro.com.ar\/sitio\/wp-content\/uploads\/2019\/08\/Belu-Bianca-300x249.jpg 300w\" data-sizes=\"(max-width: 505px) 100vw, 505px\" src=\"data:image\/svg+xml;base64,PHN2ZyB3aWR0aD0iMSIgaGVpZ2h0PSIxIiB4bWxucz0iaHR0cDovL3d3dy53My5vcmcvMjAwMC9zdmciPjwvc3ZnPg==\" style=\"--smush-placeholder-width: 505px; --smush-placeholder-aspect-ratio: 505\/419;\" \/><\/figure>\n\n\n\n<p>FUENTE : BARADERO HOY<\/p>\n","protected":false},"excerpt":{"rendered":"<p>&nbsp;La salud de Bianquita, le nena de dos a\u00f1os, que sufri\u00f3 las consecuencias de la explosi\u00f3n de una garrafa en una Jineteada de R\u00edo Tala que le ocasion\u00f3 fracturas en el cr\u00e1neo, ha provocado conmoci\u00f3n en nuestra comunidad por lo que tambi\u00e9n desde el momento de conocerse la noticias comenz\u00f3 un pedido de cadena de [&hellip;]<\/p>\n","protected":false},"author":4,"featured_media":58803,"comment_status":"open","ping_status":"closed","sticky":false,"template":"","format":"standard","meta":{"om_disable_all_campaigns":false,"_jetpack_memberships_contains_paid_content":false,"footnotes":""},"categories":[621],"tags":[],"class_list":["post-58802","post","type-post","status-publish","format-standard","has-post-thumbnail","hentry","category-regionales"],"aioseo_notices":[],"gutentor_comment":0,"jetpack_featured_media_url":"https:\/\/eldiariodesanpedro.com.ar\/sitio\/wp-content\/uploads\/2019\/08\/Belu-Bianca.jpg","jetpack_shortlink":"https:\/\/wp.me\/p6RhLt-fiq","jetpack_sharing_enabled":true,"_links":{"self":[{"href":"https:\/\/eldiariodesanpedro.com.ar\/sitio\/wp-json\/wp\/v2\/posts\/58802","targetHints":{"allow":["GET"]}}],"collection":[{"href":"https:\/\/eldiariodesanpedro.com.ar\/sitio\/wp-json\/wp\/v2\/posts"}],"about":[{"href":"https:\/\/eldiariodesanpedro.com.ar\/sitio\/wp-json\/wp\/v2\/types\/post"}],"author":[{"embeddable":true,"href":"https:\/\/eldiariodesanpedro.com.ar\/sitio\/wp-json\/wp\/v2\/users\/4"}],"replies":[{"embeddable":true,"href":"https:\/\/eldiariodesanpedro.com.ar\/sitio\/wp-json\/wp\/v2\/comments?post=58802"}],"version-history":[{"count":1,"href":"https:\/\/eldiariodesanpedro.com.ar\/sitio\/wp-json\/wp\/v2\/posts\/58802\/revisions"}],"predecessor-version":[{"id":58804,"href":"https:\/\/eldiariodesanpedro.com.ar\/sitio\/wp-json\/wp\/v2\/posts\/58802\/revisions\/58804"}],"wp:featuredmedia":[{"embeddable":true,"href":"https:\/\/eldiariodesanpedro.com.ar\/sitio\/wp-json\/wp\/v2\/media\/58803"}],"wp:attachment":[{"href":"https:\/\/eldiariodesanpedro.com.ar\/sitio\/wp-json\/wp\/v2\/media?parent=58802"}],"wp:term":[{"taxonomy":"category","embeddable":true,"href":"https:\/\/eldiariodesanpedro.com.ar\/sitio\/wp-json\/wp\/v2\/categories?post=58802"},{"taxonomy":"post_tag","embeddable":true,"href":"https:\/\/eldiariodesanpedro.com.ar\/sitio\/wp-json\/wp\/v2\/tags?post=58802"}],"curies":[{"name":"wp","href":"https:\/\/api.w.org\/{rel}","templated":true}]}}