{"id":58797,"date":"2019-08-26T17:53:41","date_gmt":"2019-08-26T20:53:41","guid":{"rendered":"https:\/\/eldiariodesanpedro.com.ar\/sitio\/?p=58797"},"modified":"2019-08-26T17:53:46","modified_gmt":"2019-08-26T20:53:46","slug":"capturan-a-profugo-sampedrino-en-ramallo","status":"publish","type":"post","link":"https:\/\/eldiariodesanpedro.com.ar\/sitio\/capturan-a-profugo-sampedrino-en-ramallo\/","title":{"rendered":"Capturan a pr\u00f3fugo sampedrino en Ramallo"},"content":{"rendered":"<!-- VideographyWP Plugin Message: Automatic video embedding prevented by plugin options. -->\n\n<p>El Grupo de Apoyo Departamental detuvo a un hombre que ten\u00eda pedido de captura activo.<\/p>\n\n\n\n<p>Fue tras una interceptaci\u00f3n vehicular en Avenida San Mart\u00edn e Yrigoyen de la ciudad de Ramallo, en donde se procedi\u00f3 a la aprehensi\u00f3n de este sujeto de 22 a\u00f1os de edad.<\/p>\n\n\n\n<p>\n\nEste pr\u00f3fugo, oriundo de San Pedro, pose\u00eda pedido de captura activo desde hac\u00eda un a\u00f1o, con car\u00e1tula de hurto agravado, con intervenci\u00f3n de la UFI N\u00ba 7. El pedido ten\u00eda fecha del 28 de marzo del a\u00f1o 2018.\n\n<\/p>\n","protected":false},"excerpt":{"rendered":"<p>El Grupo de Apoyo Departamental detuvo a un hombre que ten\u00eda pedido de captura activo. Fue tras una interceptaci\u00f3n vehicular en Avenida San Mart\u00edn e Yrigoyen de la ciudad de Ramallo, en donde se procedi\u00f3 a la aprehensi\u00f3n de este sujeto de 22 a\u00f1os de edad. Este pr\u00f3fugo, oriundo de San Pedro, pose\u00eda pedido de [&hellip;]<\/p>\n","protected":false},"author":4,"featured_media":58798,"comment_status":"open","ping_status":"closed","sticky":false,"template":"","format":"standard","meta":{"om_disable_all_campaigns":false,"_jetpack_memberships_contains_paid_content":false,"footnotes":""},"categories":[2,103],"tags":[],"class_list":["post-58797","post","type-post","status-publish","format-standard","has-post-thumbnail","hentry","category-locales","category-policiales-locales"],"aioseo_notices":[],"gutentor_comment":0,"jetpack_featured_media_url":"https:\/\/eldiariodesanpedro.com.ar\/sitio\/wp-content\/uploads\/2019\/08\/bbx_1023972838_1_profugo_detenido.jpeg","jetpack_shortlink":"https:\/\/wp.me\/p6RhLt-fil","jetpack_sharing_enabled":true,"_links":{"self":[{"href":"https:\/\/eldiariodesanpedro.com.ar\/sitio\/wp-json\/wp\/v2\/posts\/58797","targetHints":{"allow":["GET"]}}],"collection":[{"href":"https:\/\/eldiariodesanpedro.com.ar\/sitio\/wp-json\/wp\/v2\/posts"}],"about":[{"href":"https:\/\/eldiariodesanpedro.com.ar\/sitio\/wp-json\/wp\/v2\/types\/post"}],"author":[{"embeddable":true,"href":"https:\/\/eldiariodesanpedro.com.ar\/sitio\/wp-json\/wp\/v2\/users\/4"}],"replies":[{"embeddable":true,"href":"https:\/\/eldiariodesanpedro.com.ar\/sitio\/wp-json\/wp\/v2\/comments?post=58797"}],"version-history":[{"count":1,"href":"https:\/\/eldiariodesanpedro.com.ar\/sitio\/wp-json\/wp\/v2\/posts\/58797\/revisions"}],"predecessor-version":[{"id":58799,"href":"https:\/\/eldiariodesanpedro.com.ar\/sitio\/wp-json\/wp\/v2\/posts\/58797\/revisions\/58799"}],"wp:featuredmedia":[{"embeddable":true,"href":"https:\/\/eldiariodesanpedro.com.ar\/sitio\/wp-json\/wp\/v2\/media\/58798"}],"wp:attachment":[{"href":"https:\/\/eldiariodesanpedro.com.ar\/sitio\/wp-json\/wp\/v2\/media?parent=58797"}],"wp:term":[{"taxonomy":"category","embeddable":true,"href":"https:\/\/eldiariodesanpedro.com.ar\/sitio\/wp-json\/wp\/v2\/categories?post=58797"},{"taxonomy":"post_tag","embeddable":true,"href":"https:\/\/eldiariodesanpedro.com.ar\/sitio\/wp-json\/wp\/v2\/tags?post=58797"}],"curies":[{"name":"wp","href":"https:\/\/api.w.org\/{rel}","templated":true}]}}