{"id":58785,"date":"2019-08-26T10:23:07","date_gmt":"2019-08-26T13:23:07","guid":{"rendered":"https:\/\/eldiariodesanpedro.com.ar\/sitio\/?p=58785"},"modified":"2019-08-26T10:23:11","modified_gmt":"2019-08-26T13:23:11","slug":"san-nicolas-choco-un-poste-y-dejo-sin-luz-a-varios-barrios","status":"publish","type":"post","link":"https:\/\/eldiariodesanpedro.com.ar\/sitio\/san-nicolas-choco-un-poste-y-dejo-sin-luz-a-varios-barrios\/","title":{"rendered":"SAN NICOL\u00c1S | Choc\u00f3 un poste y dej\u00f3 sin luz a varios barrios"},"content":{"rendered":"<!-- VideographyWP Plugin Message: Automatic video embedding prevented by plugin options. -->\n\n<p>\n\nEl conductor de un auto Peugeot 206 blanco, protagoniz\u00f3 un siniestro vial camino a La Emilia. El accidente tuvo lugar frente a barrio Floresta, en Pte. Per\u00f3n y Drisaldi.<\/p>\n\n\n\n<p>En circunstancias que son materia de investigaci\u00f3n, Juan Cruz Guille perdi\u00f3 el control del veh\u00edculo e impact\u00f3 contra un poste de luz generando importantes da\u00f1os materiales. El hecho ocurri\u00f3 en horas de la madrugada del domingo, quedando sin luz una amplia zona.<\/p>\n\n\n\n<p>El hombre que conduc\u00eda el Peugeot se encuentra fuera de peligro. <\/p>\n\n\n\n<p>Fuente: Diario El Informante<\/p>\n","protected":false},"excerpt":{"rendered":"<p>El conductor de un auto Peugeot 206 blanco, protagoniz\u00f3 un siniestro vial camino a La Emilia. El accidente tuvo lugar frente a barrio Floresta, en Pte. Per\u00f3n y Drisaldi. En circunstancias que son materia de investigaci\u00f3n, Juan Cruz Guille perdi\u00f3 el control del veh\u00edculo e impact\u00f3 contra un poste de luz generando importantes da\u00f1os materiales. [&hellip;]<\/p>\n","protected":false},"author":4,"featured_media":58786,"comment_status":"open","ping_status":"closed","sticky":false,"template":"","format":"standard","meta":{"om_disable_all_campaigns":false,"_jetpack_memberships_contains_paid_content":false,"footnotes":""},"categories":[621],"tags":[],"class_list":["post-58785","post","type-post","status-publish","format-standard","has-post-thumbnail","hentry","category-regionales"],"aioseo_notices":[],"gutentor_comment":0,"jetpack_featured_media_url":"https:\/\/eldiariodesanpedro.com.ar\/sitio\/wp-content\/uploads\/2019\/08\/conmarca21762.jpg","jetpack_shortlink":"https:\/\/wp.me\/p6RhLt-fi9","jetpack_sharing_enabled":true,"_links":{"self":[{"href":"https:\/\/eldiariodesanpedro.com.ar\/sitio\/wp-json\/wp\/v2\/posts\/58785","targetHints":{"allow":["GET"]}}],"collection":[{"href":"https:\/\/eldiariodesanpedro.com.ar\/sitio\/wp-json\/wp\/v2\/posts"}],"about":[{"href":"https:\/\/eldiariodesanpedro.com.ar\/sitio\/wp-json\/wp\/v2\/types\/post"}],"author":[{"embeddable":true,"href":"https:\/\/eldiariodesanpedro.com.ar\/sitio\/wp-json\/wp\/v2\/users\/4"}],"replies":[{"embeddable":true,"href":"https:\/\/eldiariodesanpedro.com.ar\/sitio\/wp-json\/wp\/v2\/comments?post=58785"}],"version-history":[{"count":1,"href":"https:\/\/eldiariodesanpedro.com.ar\/sitio\/wp-json\/wp\/v2\/posts\/58785\/revisions"}],"predecessor-version":[{"id":58787,"href":"https:\/\/eldiariodesanpedro.com.ar\/sitio\/wp-json\/wp\/v2\/posts\/58785\/revisions\/58787"}],"wp:featuredmedia":[{"embeddable":true,"href":"https:\/\/eldiariodesanpedro.com.ar\/sitio\/wp-json\/wp\/v2\/media\/58786"}],"wp:attachment":[{"href":"https:\/\/eldiariodesanpedro.com.ar\/sitio\/wp-json\/wp\/v2\/media?parent=58785"}],"wp:term":[{"taxonomy":"category","embeddable":true,"href":"https:\/\/eldiariodesanpedro.com.ar\/sitio\/wp-json\/wp\/v2\/categories?post=58785"},{"taxonomy":"post_tag","embeddable":true,"href":"https:\/\/eldiariodesanpedro.com.ar\/sitio\/wp-json\/wp\/v2\/tags?post=58785"}],"curies":[{"name":"wp","href":"https:\/\/api.w.org\/{rel}","templated":true}]}}