{"id":58782,"date":"2019-08-26T10:21:33","date_gmt":"2019-08-26T13:21:33","guid":{"rendered":"https:\/\/eldiariodesanpedro.com.ar\/sitio\/?p=58782"},"modified":"2019-08-26T10:21:37","modified_gmt":"2019-08-26T13:21:37","slug":"san-nicolas-denunciaron-abuso-simple-a-una-menor-de-12-anos","status":"publish","type":"post","link":"https:\/\/eldiariodesanpedro.com.ar\/sitio\/san-nicolas-denunciaron-abuso-simple-a-una-menor-de-12-anos\/","title":{"rendered":"SAN NICOL\u00c1S | Denunciaron abuso simple a una menor de 12 a\u00f1os"},"content":{"rendered":"<!-- VideographyWP Plugin Message: Automatic video embedding prevented by plugin options. -->\n\n<p>\n\nEl hecho ocurri\u00f3 en horas de la madrugada de este domingo en el marco de un festejo familiar en una vivienda de barrio 7 de Septiembre (IVBA).<\/p>\n\n\n\n<p>Tras recibir un llamado a emergencias policiales, un m\u00f3vil se constituy\u00f3 en el lugar y se entrevist\u00f3 con los presentes. Una mujer manifest\u00f3 que un sujeto de 31 a\u00f1os hab\u00eda besado en la boca a su hija de 12 a\u00f1os e intent\u00f3 llevarla a la fuerza a la habitaci\u00f3n.<\/p>\n\n\n\n<p>La polic\u00eda procedi\u00f3 de inmediato a la aprehensi\u00f3n del individuo que se encontraba todav\u00eda en el lugar.<\/p>\n\n\n\n<p>Una vez trasladado a sede policial qued\u00f3 imputado por Abuso Sexual Simple. La Fiscal\u00eda en turno inici\u00f3 la investigaci\u00f3n correspondiente y le tomar\u00e1 declaraci\u00f3n en las pr\u00f3ximas horas. <\/p>\n\n\n\n<p>Fuente: Diario El Informante<\/p>\n","protected":false},"excerpt":{"rendered":"<p>El hecho ocurri\u00f3 en horas de la madrugada de este domingo en el marco de un festejo familiar en una vivienda de barrio 7 de Septiembre (IVBA). Tras recibir un llamado a emergencias policiales, un m\u00f3vil se constituy\u00f3 en el lugar y se entrevist\u00f3 con los presentes. Una mujer manifest\u00f3 que un sujeto de 31 [&hellip;]<\/p>\n","protected":false},"author":4,"featured_media":58783,"comment_status":"open","ping_status":"closed","sticky":false,"template":"","format":"standard","meta":{"om_disable_all_campaigns":false,"_jetpack_memberships_contains_paid_content":false,"footnotes":""},"categories":[621],"tags":[],"class_list":["post-58782","post","type-post","status-publish","format-standard","has-post-thumbnail","hentry","category-regionales"],"aioseo_notices":[],"gutentor_comment":0,"jetpack_featured_media_url":"https:\/\/eldiariodesanpedro.com.ar\/sitio\/wp-content\/uploads\/2019\/08\/no_mt7cql21cmqg5o5patru.jpg","jetpack_shortlink":"https:\/\/wp.me\/p6RhLt-fi6","jetpack_sharing_enabled":true,"_links":{"self":[{"href":"https:\/\/eldiariodesanpedro.com.ar\/sitio\/wp-json\/wp\/v2\/posts\/58782","targetHints":{"allow":["GET"]}}],"collection":[{"href":"https:\/\/eldiariodesanpedro.com.ar\/sitio\/wp-json\/wp\/v2\/posts"}],"about":[{"href":"https:\/\/eldiariodesanpedro.com.ar\/sitio\/wp-json\/wp\/v2\/types\/post"}],"author":[{"embeddable":true,"href":"https:\/\/eldiariodesanpedro.com.ar\/sitio\/wp-json\/wp\/v2\/users\/4"}],"replies":[{"embeddable":true,"href":"https:\/\/eldiariodesanpedro.com.ar\/sitio\/wp-json\/wp\/v2\/comments?post=58782"}],"version-history":[{"count":1,"href":"https:\/\/eldiariodesanpedro.com.ar\/sitio\/wp-json\/wp\/v2\/posts\/58782\/revisions"}],"predecessor-version":[{"id":58784,"href":"https:\/\/eldiariodesanpedro.com.ar\/sitio\/wp-json\/wp\/v2\/posts\/58782\/revisions\/58784"}],"wp:featuredmedia":[{"embeddable":true,"href":"https:\/\/eldiariodesanpedro.com.ar\/sitio\/wp-json\/wp\/v2\/media\/58783"}],"wp:attachment":[{"href":"https:\/\/eldiariodesanpedro.com.ar\/sitio\/wp-json\/wp\/v2\/media?parent=58782"}],"wp:term":[{"taxonomy":"category","embeddable":true,"href":"https:\/\/eldiariodesanpedro.com.ar\/sitio\/wp-json\/wp\/v2\/categories?post=58782"},{"taxonomy":"post_tag","embeddable":true,"href":"https:\/\/eldiariodesanpedro.com.ar\/sitio\/wp-json\/wp\/v2\/tags?post=58782"}],"curies":[{"name":"wp","href":"https:\/\/api.w.org\/{rel}","templated":true}]}}