{"id":58779,"date":"2019-08-26T10:19:57","date_gmt":"2019-08-26T13:19:57","guid":{"rendered":"https:\/\/eldiariodesanpedro.com.ar\/sitio\/?p=58779"},"modified":"2019-08-26T10:20:02","modified_gmt":"2019-08-26T13:20:02","slug":"capitan-sarmiento-tragico-accidente-en-ruta-8","status":"publish","type":"post","link":"https:\/\/eldiariodesanpedro.com.ar\/sitio\/capitan-sarmiento-tragico-accidente-en-ruta-8\/","title":{"rendered":"CAPIT\u00c1N SARMIENTO | Tr\u00e1gico accidente en ruta 8"},"content":{"rendered":"<!-- VideographyWP Plugin Message: Automatic video embedding prevented by plugin options. -->\n\n<p>Un tr\u00e1gico incidente de tr\u00e1nsito se produjo en las noche de este s\u00e1bado en ruta 8, en jurisdicci\u00f3n de Capit\u00e1n Sarmiento.<\/p>\n\n\n\n<p>Un autom\u00f3vil Chevrolet Prisma de color blanco, conducido por el arrecife\u00f1o C\u00e9sar Smokvina, llev\u00f3 por delante a una persona de sexo masculino mayor de edad que aparentemente se encontraba sobre la ruta, produci\u00e9ndose su deceso en forma inmediata.<\/p>\n\n\n\n<p>El auto, en tanto, comenz\u00f3 a prenderse fuego en virtud de los da\u00f1os por el impacto.<\/p>\n\n\n\n<p>Al lugar concurrieron personal de Bomberos Voluntarios, del Hospital San Carlos y de la Estaci\u00f3n de Polic\u00eda Comunal de la vecina localidad.<\/p>\n\n\n\n<p>A\u00fan se desconoce la identidad del peat\u00f3n fallecido.<\/p>\n\n\n\n<p>\n\nFuente: Sarmiento Diario\n\n<\/p>\n","protected":false},"excerpt":{"rendered":"<p>Un tr\u00e1gico incidente de tr\u00e1nsito se produjo en las noche de este s\u00e1bado en ruta 8, en jurisdicci\u00f3n de Capit\u00e1n Sarmiento. Un autom\u00f3vil Chevrolet Prisma de color blanco, conducido por el arrecife\u00f1o C\u00e9sar Smokvina, llev\u00f3 por delante a una persona de sexo masculino mayor de edad que aparentemente se encontraba sobre la ruta, produci\u00e9ndose su [&hellip;]<\/p>\n","protected":false},"author":4,"featured_media":58780,"comment_status":"open","ping_status":"closed","sticky":false,"template":"","format":"standard","meta":{"om_disable_all_campaigns":false,"_jetpack_memberships_contains_paid_content":false,"footnotes":""},"categories":[621],"tags":[],"class_list":["post-58779","post","type-post","status-publish","format-standard","has-post-thumbnail","hentry","category-regionales"],"aioseo_notices":[],"gutentor_comment":0,"jetpack_featured_media_url":"https:\/\/eldiariodesanpedro.com.ar\/sitio\/wp-content\/uploads\/2019\/08\/Accidente-Sarmiento-Smokvina-923x510.jpg","jetpack_shortlink":"https:\/\/wp.me\/p6RhLt-fi3","jetpack_sharing_enabled":true,"_links":{"self":[{"href":"https:\/\/eldiariodesanpedro.com.ar\/sitio\/wp-json\/wp\/v2\/posts\/58779","targetHints":{"allow":["GET"]}}],"collection":[{"href":"https:\/\/eldiariodesanpedro.com.ar\/sitio\/wp-json\/wp\/v2\/posts"}],"about":[{"href":"https:\/\/eldiariodesanpedro.com.ar\/sitio\/wp-json\/wp\/v2\/types\/post"}],"author":[{"embeddable":true,"href":"https:\/\/eldiariodesanpedro.com.ar\/sitio\/wp-json\/wp\/v2\/users\/4"}],"replies":[{"embeddable":true,"href":"https:\/\/eldiariodesanpedro.com.ar\/sitio\/wp-json\/wp\/v2\/comments?post=58779"}],"version-history":[{"count":1,"href":"https:\/\/eldiariodesanpedro.com.ar\/sitio\/wp-json\/wp\/v2\/posts\/58779\/revisions"}],"predecessor-version":[{"id":58781,"href":"https:\/\/eldiariodesanpedro.com.ar\/sitio\/wp-json\/wp\/v2\/posts\/58779\/revisions\/58781"}],"wp:featuredmedia":[{"embeddable":true,"href":"https:\/\/eldiariodesanpedro.com.ar\/sitio\/wp-json\/wp\/v2\/media\/58780"}],"wp:attachment":[{"href":"https:\/\/eldiariodesanpedro.com.ar\/sitio\/wp-json\/wp\/v2\/media?parent=58779"}],"wp:term":[{"taxonomy":"category","embeddable":true,"href":"https:\/\/eldiariodesanpedro.com.ar\/sitio\/wp-json\/wp\/v2\/categories?post=58779"},{"taxonomy":"post_tag","embeddable":true,"href":"https:\/\/eldiariodesanpedro.com.ar\/sitio\/wp-json\/wp\/v2\/tags?post=58779"}],"curies":[{"name":"wp","href":"https:\/\/api.w.org\/{rel}","templated":true}]}}