{"id":58776,"date":"2019-08-26T10:18:18","date_gmt":"2019-08-26T13:18:18","guid":{"rendered":"https:\/\/eldiariodesanpedro.com.ar\/sitio\/?p=58776"},"modified":"2019-08-26T10:18:22","modified_gmt":"2019-08-26T13:18:22","slug":"arrecifes-le-fracturaron-el-craneo-en-una-pelea-callejera","status":"publish","type":"post","link":"https:\/\/eldiariodesanpedro.com.ar\/sitio\/arrecifes-le-fracturaron-el-craneo-en-una-pelea-callejera\/","title":{"rendered":"ARRECIFES | Le fracturaron el cr\u00e1neo en una pelea callejera"},"content":{"rendered":"<!-- VideographyWP Plugin Message: Automatic video embedding prevented by plugin options. -->\n\n<p>Un joven de 23 a\u00f1os de edad sufri\u00f3 fractura de cr\u00e1neo en una pelea callejera que se produjo en la madrugada de este domingo al finalizar la actividad nocturna en los boliches.<\/p>\n\n\n\n<p>La v\u00edctima fue golpeada con una baldosa en su cabeza, produci\u00e9ndole la quebradura del hueso frontal y se encuentra internado en Terapia Intensiva en el Hospital Municipal.<\/p>\n\n\n\n<p>En el mediod\u00eda de hoy permanec\u00eda consciente y a la espera de ver c\u00f3mo evoluciona el cerebro con la grave lesi\u00f3n recibida.<\/p>\n\n\n\n<p>Fuente: Noticias Arrecifes<\/p>\n","protected":false},"excerpt":{"rendered":"<p>Un joven de 23 a\u00f1os de edad sufri\u00f3 fractura de cr\u00e1neo en una pelea callejera que se produjo en la madrugada de este domingo al finalizar la actividad nocturna en los boliches. La v\u00edctima fue golpeada con una baldosa en su cabeza, produci\u00e9ndole la quebradura del hueso frontal y se encuentra internado en Terapia Intensiva [&hellip;]<\/p>\n","protected":false},"author":4,"featured_media":58777,"comment_status":"open","ping_status":"closed","sticky":false,"template":"","format":"standard","meta":{"om_disable_all_campaigns":false,"_jetpack_memberships_contains_paid_content":false,"footnotes":""},"categories":[621],"tags":[],"class_list":["post-58776","post","type-post","status-publish","format-standard","has-post-thumbnail","hentry","category-regionales"],"aioseo_notices":[],"gutentor_comment":0,"jetpack_featured_media_url":"https:\/\/eldiariodesanpedro.com.ar\/sitio\/wp-content\/uploads\/2019\/08\/nueva-sala-de-terapia-intensiva-11-702x510.png","jetpack_shortlink":"https:\/\/wp.me\/p6RhLt-fi0","jetpack_sharing_enabled":true,"_links":{"self":[{"href":"https:\/\/eldiariodesanpedro.com.ar\/sitio\/wp-json\/wp\/v2\/posts\/58776","targetHints":{"allow":["GET"]}}],"collection":[{"href":"https:\/\/eldiariodesanpedro.com.ar\/sitio\/wp-json\/wp\/v2\/posts"}],"about":[{"href":"https:\/\/eldiariodesanpedro.com.ar\/sitio\/wp-json\/wp\/v2\/types\/post"}],"author":[{"embeddable":true,"href":"https:\/\/eldiariodesanpedro.com.ar\/sitio\/wp-json\/wp\/v2\/users\/4"}],"replies":[{"embeddable":true,"href":"https:\/\/eldiariodesanpedro.com.ar\/sitio\/wp-json\/wp\/v2\/comments?post=58776"}],"version-history":[{"count":1,"href":"https:\/\/eldiariodesanpedro.com.ar\/sitio\/wp-json\/wp\/v2\/posts\/58776\/revisions"}],"predecessor-version":[{"id":58778,"href":"https:\/\/eldiariodesanpedro.com.ar\/sitio\/wp-json\/wp\/v2\/posts\/58776\/revisions\/58778"}],"wp:featuredmedia":[{"embeddable":true,"href":"https:\/\/eldiariodesanpedro.com.ar\/sitio\/wp-json\/wp\/v2\/media\/58777"}],"wp:attachment":[{"href":"https:\/\/eldiariodesanpedro.com.ar\/sitio\/wp-json\/wp\/v2\/media?parent=58776"}],"wp:term":[{"taxonomy":"category","embeddable":true,"href":"https:\/\/eldiariodesanpedro.com.ar\/sitio\/wp-json\/wp\/v2\/categories?post=58776"},{"taxonomy":"post_tag","embeddable":true,"href":"https:\/\/eldiariodesanpedro.com.ar\/sitio\/wp-json\/wp\/v2\/tags?post=58776"}],"curies":[{"name":"wp","href":"https:\/\/api.w.org\/{rel}","templated":true}]}}