{"id":58771,"date":"2019-08-26T10:16:33","date_gmt":"2019-08-26T13:16:33","guid":{"rendered":"https:\/\/eldiariodesanpedro.com.ar\/sitio\/?p=58771"},"modified":"2019-08-26T10:16:38","modified_gmt":"2019-08-26T13:16:38","slug":"campana-iba-en-contramano-por-panamericana-y-choco-de-frente-contra-un-camion-quedo-todo-registrado-por-otro-chofer","status":"publish","type":"post","link":"https:\/\/eldiariodesanpedro.com.ar\/sitio\/campana-iba-en-contramano-por-panamericana-y-choco-de-frente-contra-un-camion-quedo-todo-registrado-por-otro-chofer\/","title":{"rendered":"CAMPANA | Iba en contramano por Panamericana y choc\u00f3 de frente contra un cami\u00f3n quedo todo registrado por otro chofer"},"content":{"rendered":"<!-- VideographyWP Plugin Message: Automatic video embedding prevented by plugin options. -->\n\n<p>Un ins\u00f3lito y fatal accidente se produjo en el ramal Campana de la Autopista Panamericana. Una camioneta Mercedes Sprinter blanca comenz\u00f3 a circular en contramano sobre la v\u00eda que conduce hacia la Ciudad de Buenos Aires y protagoniz\u00f3 un choque frontal con un cami\u00f3n con acoplado. Como resultado,\u00a0muri\u00f3 el propio conductor del veh\u00edculo que circulaba en infracci\u00f3n.<\/p>\n\n\n\n<figure class=\"wp-block-embed-youtube wp-block-embed is-type-video is-provider-youtube wp-embed-aspect-16-9 wp-has-aspect-ratio\"><div class=\"wp-block-embed__wrapper\">\n<iframe  style=\"display: block; margin: 0px auto;\"  id=\"_ytid_39415\"  width=\"640\" height=\"360\"  data-origwidth=\"640\" data-origheight=\"360\" src=\"https:\/\/www.youtube.com\/embed\/bKZqchua2SQ?enablejsapi=1&#038;autoplay=0&#038;cc_load_policy=0&#038;cc_lang_pref=&#038;iv_load_policy=1&#038;loop=0&#038;rel=1&#038;fs=1&#038;playsinline=0&#038;autohide=2&#038;theme=dark&#038;color=red&#038;controls=1&#038;disablekb=0&#038;\" class=\"__youtube_prefs__  epyt-is-override  no-lazyload\" title=\"YouTube player\"  allow=\"fullscreen; accelerometer; autoplay; clipboard-write; encrypted-media; gyroscope; picture-in-picture; web-share\" referrerpolicy=\"strict-origin-when-cross-origin\" allowfullscreen data-no-lazy=\"1\" data-skipgform_ajax_framebjll=\"\"><\/iframe>\n<\/div><\/figure>\n\n\n\n<p>El momento del tr\u00e1gico accidente fue registrado en video con&nbsp;un tel\u00e9fono celular, desde otro veh\u00edculo, ante la sorpresa que gener\u00f3 una camioneta blanca circulando en contramano en medio de una autopista, donde la velocidad m\u00e1xima permitida es de 130 km\/h.<\/p>\n\n\n\n<p>En tanto, el conductor del cami\u00f3n, de la empresa \u201cDo\u00f1a Mercedes\u201d, de Paso Ledesma, Corrientes, pudo bajar del su veh\u00edculo por sus propios medios, seg\u00fan los testigos del accidente, y fue derivado a un hospital cercano por precauci\u00f3n.Reproductor de v\u00eddeo.<\/p>\n\n\n\n<p>Un ciudadano llamado&nbsp;<strong>Mart\u00edn Cers\u00f3simo<\/strong>&nbsp;fue quien grab\u00f3 el video de la tragedia. En di\u00e1logo con el canal TN, el testigo relat\u00f3: \u201cYo estaba con un acompa\u00f1ante manejando a la provincia de C\u00f3rdoba. En la zona del km 48 o 49, un poco antes, hay una subida muy grande a la Panamericana.&nbsp;<strong>Ah\u00ed me llam\u00f3 la atenci\u00f3n que en la otra v\u00eda hab\u00eda un veh\u00edculo con las luces de posici\u00f3n rojas.<\/strong>&nbsp;Estaba entre las luces blancas de todos los autos que ven\u00edan\u201d.<\/p>\n\n\n\n<p>Y continu\u00f3: \u201cAl principio esper\u00e1bamos que bajara r\u00e1pido, cre\u00edmos que se hab\u00eda equivocado de carril, pero el tipo segu\u00eda. Ah\u00ed llamamos al 911 para informar la situaci\u00f3n.&nbsp;<strong>Ellos nos dijeron que nos iban a hacer el reporte y al minuto y medio, dos minutos, ocurri\u00f3 el accidente<\/strong>\u201c.<\/p>\n\n\n\n<p>Cers\u00f3simo afirm\u00f3 que el conductor de la camioneta no dio indicios de manejar en estado de ebriedad. Afirm\u00f3 que se acerc\u00f3 al borde de la Panamericana a pie (no pudo cruzar de carril porque hab\u00eda una reja divisoria) y que&nbsp;<strong>pudo hablar y ver c\u00f3mo el conductor del cami\u00f3n bajaba por sus propios medios sin heridas de consideraci\u00f3n.<\/strong><\/p>\n\n\n\n<p>Seg\u00fan le confirmaron fuentes de la investigaci\u00f3n a Infobae, quien conduc\u00eda la camioneta y muri\u00f3 en el acto era&nbsp;<strong>Felipe Flores Choqevillca<\/strong>, un ciudadano extranjero de 46 a\u00f1os.<\/p>\n\n\n\n<p>En tanto, el cami\u00f3n era manejado por\u00a0<strong>Danilo Santa Mar\u00eda<\/strong>, de 61 a\u00f1os. En este momento se encuentra internado en observaci\u00f3n en un hospital de la zona, donde se est\u00e1 sometiendo a an\u00e1lisis para descartar cualquier tipo de heridas internas.<\/p>\n\n\n\n<p>Fuente: Infobae<\/p>\n\n\n\n<p><br><\/p>\n","protected":false},"excerpt":{"rendered":"<p>Un ins\u00f3lito y fatal accidente se produjo en el ramal Campana de la Autopista Panamericana. Una camioneta Mercedes Sprinter blanca comenz\u00f3 a circular en contramano sobre la v\u00eda que conduce hacia la Ciudad de Buenos Aires y protagoniz\u00f3 un choque frontal con un cami\u00f3n con acoplado. Como resultado,\u00a0muri\u00f3 el propio conductor del veh\u00edculo que circulaba [&hellip;]<\/p>\n","protected":false},"author":4,"featured_media":58773,"comment_status":"open","ping_status":"closed","sticky":false,"template":"","format":"standard","meta":{"om_disable_all_campaigns":false,"_jetpack_memberships_contains_paid_content":false,"footnotes":""},"categories":[621],"tags":[],"class_list":["post-58771","post","type-post","status-publish","format-standard","has-post-thumbnail","hentry","category-regionales"],"aioseo_notices":[],"gutentor_comment":0,"jetpack_featured_media_url":"https:\/\/eldiariodesanpedro.com.ar\/sitio\/wp-content\/uploads\/2019\/08\/accidente-panamericana-26-8.jpg","jetpack_shortlink":"https:\/\/wp.me\/p6RhLt-fhV","jetpack_sharing_enabled":true,"_links":{"self":[{"href":"https:\/\/eldiariodesanpedro.com.ar\/sitio\/wp-json\/wp\/v2\/posts\/58771","targetHints":{"allow":["GET"]}}],"collection":[{"href":"https:\/\/eldiariodesanpedro.com.ar\/sitio\/wp-json\/wp\/v2\/posts"}],"about":[{"href":"https:\/\/eldiariodesanpedro.com.ar\/sitio\/wp-json\/wp\/v2\/types\/post"}],"author":[{"embeddable":true,"href":"https:\/\/eldiariodesanpedro.com.ar\/sitio\/wp-json\/wp\/v2\/users\/4"}],"replies":[{"embeddable":true,"href":"https:\/\/eldiariodesanpedro.com.ar\/sitio\/wp-json\/wp\/v2\/comments?post=58771"}],"version-history":[{"count":1,"href":"https:\/\/eldiariodesanpedro.com.ar\/sitio\/wp-json\/wp\/v2\/posts\/58771\/revisions"}],"predecessor-version":[{"id":58774,"href":"https:\/\/eldiariodesanpedro.com.ar\/sitio\/wp-json\/wp\/v2\/posts\/58771\/revisions\/58774"}],"wp:featuredmedia":[{"embeddable":true,"href":"https:\/\/eldiariodesanpedro.com.ar\/sitio\/wp-json\/wp\/v2\/media\/58773"}],"wp:attachment":[{"href":"https:\/\/eldiariodesanpedro.com.ar\/sitio\/wp-json\/wp\/v2\/media?parent=58771"}],"wp:term":[{"taxonomy":"category","embeddable":true,"href":"https:\/\/eldiariodesanpedro.com.ar\/sitio\/wp-json\/wp\/v2\/categories?post=58771"},{"taxonomy":"post_tag","embeddable":true,"href":"https:\/\/eldiariodesanpedro.com.ar\/sitio\/wp-json\/wp\/v2\/tags?post=58771"}],"curies":[{"name":"wp","href":"https:\/\/api.w.org\/{rel}","templated":true}]}}