{"id":58767,"date":"2019-08-26T10:07:48","date_gmt":"2019-08-26T13:07:48","guid":{"rendered":"https:\/\/eldiariodesanpedro.com.ar\/sitio\/?p=58767"},"modified":"2019-08-26T10:07:53","modified_gmt":"2019-08-26T13:07:53","slug":"baradero-un-milagro-para-bianca-morel-piden-cadena-de-oracion","status":"publish","type":"post","link":"https:\/\/eldiariodesanpedro.com.ar\/sitio\/baradero-un-milagro-para-bianca-morel-piden-cadena-de-oracion\/","title":{"rendered":"BARADERO | Un milagro para Bianca Morel: Piden cadena de oraci\u00f3n"},"content":{"rendered":"<!-- VideographyWP Plugin Message: Automatic video embedding prevented by plugin options. -->\n\n<p>A trav\u00e9s de redes sociales, familiares y amigos de la peque\u00f1a Bianca Morel de casi tan s\u00f3lo dos a\u00f1os, iniciaron un pedido solidario de cadenas de oraciones con el objetivo de que se produzca un milagro&nbsp; con la beba, la cual est\u00e1 luchando por su vida.<\/p>\n\n\n\n<p>La ni\u00f1a, estaba junto a su familia, disfrutando de una jineteada en la localidad de San Pedro, cuando una garrafa explota a muy pocos metros de donde estaba situada, lo que las partes del elemento le impact\u00f3 de lleno en la cabeza de ella provocandole graves fracturas craneales.<\/p>\n\n\n\n<p>Hace unas horas, y en el marco de un grave cuadro de salud, Bianca fue trasladada a un Nosocomio de alta complejidad de la ciudad de La Plata, a la espera de mantenerla bajo control y con la esperanza puesta en que pueda ir evolucionando favorablemente.<\/p>\n\n\n\n<p>Todos nos sumamos a la cadena de oraci\u00f3n por Bianca Morel.<\/p>\n\n\n\n<p>Fuente: Baradero Hoy<\/p>\n\n\n\n<figure class=\"wp-block-image\"><img decoding=\"async\" width=\"529\" height=\"732\" data-attachment-id=\"58769\" data-permalink=\"https:\/\/eldiariodesanpedro.com.ar\/sitio\/baradero-un-milagro-para-bianca-morel-piden-cadena-de-oracion\/bianca-morel\/\" data-orig-file=\"https:\/\/eldiariodesanpedro.com.ar\/sitio\/wp-content\/uploads\/2019\/08\/Bianca-Morel.jpg\" data-orig-size=\"529,732\" data-comments-opened=\"1\" data-image-meta=\"{&quot;aperture&quot;:&quot;0&quot;,&quot;credit&quot;:&quot;&quot;,&quot;camera&quot;:&quot;&quot;,&quot;caption&quot;:&quot;&quot;,&quot;created_timestamp&quot;:&quot;0&quot;,&quot;copyright&quot;:&quot;&quot;,&quot;focal_length&quot;:&quot;0&quot;,&quot;iso&quot;:&quot;0&quot;,&quot;shutter_speed&quot;:&quot;0&quot;,&quot;title&quot;:&quot;&quot;,&quot;orientation&quot;:&quot;0&quot;}\" data-image-title=\"Bianca-Morel\" data-image-description=\"\" data-image-caption=\"\" data-large-file=\"https:\/\/eldiariodesanpedro.com.ar\/sitio\/wp-content\/uploads\/2019\/08\/Bianca-Morel.jpg\" data-src=\"https:\/\/eldiariodesanpedro.com.ar\/sitio\/wp-content\/uploads\/2019\/08\/Bianca-Morel.jpg\" alt=\"\" class=\"wp-image-58769 lazyload\" data-srcset=\"https:\/\/eldiariodesanpedro.com.ar\/sitio\/wp-content\/uploads\/2019\/08\/Bianca-Morel.jpg 529w, https:\/\/eldiariodesanpedro.com.ar\/sitio\/wp-content\/uploads\/2019\/08\/Bianca-Morel-217x300.jpg 217w\" data-sizes=\"(max-width: 529px) 100vw, 529px\" src=\"data:image\/svg+xml;base64,PHN2ZyB3aWR0aD0iMSIgaGVpZ2h0PSIxIiB4bWxucz0iaHR0cDovL3d3dy53My5vcmcvMjAwMC9zdmciPjwvc3ZnPg==\" style=\"--smush-placeholder-width: 529px; --smush-placeholder-aspect-ratio: 529\/732;\" \/><\/figure>\n","protected":false},"excerpt":{"rendered":"<p>A trav\u00e9s de redes sociales, familiares y amigos de la peque\u00f1a Bianca Morel de casi tan s\u00f3lo dos a\u00f1os, iniciaron un pedido solidario de cadenas de oraciones con el objetivo de que se produzca un milagro&nbsp; con la beba, la cual est\u00e1 luchando por su vida. La ni\u00f1a, estaba junto a su familia, disfrutando de [&hellip;]<\/p>\n","protected":false},"author":4,"featured_media":58768,"comment_status":"open","ping_status":"closed","sticky":false,"template":"","format":"standard","meta":{"om_disable_all_campaigns":false,"_jetpack_memberships_contains_paid_content":false,"footnotes":""},"categories":[621],"tags":[],"class_list":["post-58767","post","type-post","status-publish","format-standard","has-post-thumbnail","hentry","category-regionales"],"aioseo_notices":[],"gutentor_comment":0,"jetpack_featured_media_url":"https:\/\/eldiariodesanpedro.com.ar\/sitio\/wp-content\/uploads\/2019\/08\/Bianca-Morel-copia.jpg","jetpack_shortlink":"https:\/\/wp.me\/p6RhLt-fhR","jetpack_sharing_enabled":true,"_links":{"self":[{"href":"https:\/\/eldiariodesanpedro.com.ar\/sitio\/wp-json\/wp\/v2\/posts\/58767","targetHints":{"allow":["GET"]}}],"collection":[{"href":"https:\/\/eldiariodesanpedro.com.ar\/sitio\/wp-json\/wp\/v2\/posts"}],"about":[{"href":"https:\/\/eldiariodesanpedro.com.ar\/sitio\/wp-json\/wp\/v2\/types\/post"}],"author":[{"embeddable":true,"href":"https:\/\/eldiariodesanpedro.com.ar\/sitio\/wp-json\/wp\/v2\/users\/4"}],"replies":[{"embeddable":true,"href":"https:\/\/eldiariodesanpedro.com.ar\/sitio\/wp-json\/wp\/v2\/comments?post=58767"}],"version-history":[{"count":1,"href":"https:\/\/eldiariodesanpedro.com.ar\/sitio\/wp-json\/wp\/v2\/posts\/58767\/revisions"}],"predecessor-version":[{"id":58770,"href":"https:\/\/eldiariodesanpedro.com.ar\/sitio\/wp-json\/wp\/v2\/posts\/58767\/revisions\/58770"}],"wp:featuredmedia":[{"embeddable":true,"href":"https:\/\/eldiariodesanpedro.com.ar\/sitio\/wp-json\/wp\/v2\/media\/58768"}],"wp:attachment":[{"href":"https:\/\/eldiariodesanpedro.com.ar\/sitio\/wp-json\/wp\/v2\/media?parent=58767"}],"wp:term":[{"taxonomy":"category","embeddable":true,"href":"https:\/\/eldiariodesanpedro.com.ar\/sitio\/wp-json\/wp\/v2\/categories?post=58767"},{"taxonomy":"post_tag","embeddable":true,"href":"https:\/\/eldiariodesanpedro.com.ar\/sitio\/wp-json\/wp\/v2\/tags?post=58767"}],"curies":[{"name":"wp","href":"https:\/\/api.w.org\/{rel}","templated":true}]}}