{"id":58766,"date":"2019-08-26T10:16:16","date_gmt":"2019-08-26T13:16:16","guid":{"rendered":"https:\/\/eldiariodesanpedro.com.ar\/sitio\/?p=58766"},"modified":"2019-08-26T10:16:17","modified_gmt":"2019-08-26T13:16:17","slug":"rio-tala-un-sujeto-disparo-contra-una-vivienda","status":"publish","type":"post","link":"https:\/\/eldiariodesanpedro.com.ar\/sitio\/rio-tala-un-sujeto-disparo-contra-una-vivienda\/","title":{"rendered":"Rio Tala: Un sujeto disparo contra una vivienda"},"content":{"rendered":"<!-- VideographyWP Plugin Message: Automatic video embedding prevented by plugin options. -->\n\n<p>El violento hecho se produjo este domingo por la ma\u00f1ana cuando un ciudadano mayor de edad efectu\u00f3 un disparo contra una vivienda. Hubo heridos asistidos en el centro de salud de la localidad.<\/p>\n\n\n\n<p>Seg\u00fan informaron fuentes policiales un sujeto que ya fue identificado se presento espont\u00e1neamente en una vivienda ubicada en cercan\u00edas de las calles San Mart\u00edn y Guemes y efectu\u00f3 un disparo, seg\u00fan vecinos fueron mas de uno.<\/p>\n\n\n\n<p>El comisario Andres Galiano de nuestra dependencia local confirmo que se trata de una persona ya identificada, que tiene problemas de larga data con la familia moradora.<\/p>\n\n\n\n<p>El hecho se esta tratando de establecer con intervenci\u00f3n de la Fiscalia N\u00ba11 local, donde tambi\u00e9n hubo 4 j\u00f3venes heridos alcanzados por los disparos con heridas en miembros inferiores sin riesgo de vida, asistidos en el centro de salud talense.<\/p>\n","protected":false},"excerpt":{"rendered":"<p>El violento hecho se produjo este domingo por la ma\u00f1ana cuando un ciudadano mayor de edad efectu\u00f3 un disparo contra una vivienda. Hubo heridos asistidos en el centro de salud de la localidad. Seg\u00fan informaron fuentes policiales un sujeto que ya fue identificado se presento espont\u00e1neamente en una vivienda ubicada en cercan\u00edas de las calles [&hellip;]<\/p>\n","protected":false},"author":4,"featured_media":56528,"comment_status":"open","ping_status":"closed","sticky":false,"template":"","format":"standard","meta":{"om_disable_all_campaigns":false,"_jetpack_memberships_contains_paid_content":false,"footnotes":""},"categories":[2,103],"tags":[],"class_list":["post-58766","post","type-post","status-publish","format-standard","has-post-thumbnail","hentry","category-locales","category-policiales-locales"],"aioseo_notices":[],"gutentor_comment":0,"jetpack_featured_media_url":"https:\/\/eldiariodesanpedro.com.ar\/sitio\/wp-content\/uploads\/2019\/07\/patrulla66-1024x680.jpg","jetpack_shortlink":"https:\/\/wp.me\/p6RhLt-fhQ","jetpack_sharing_enabled":true,"_links":{"self":[{"href":"https:\/\/eldiariodesanpedro.com.ar\/sitio\/wp-json\/wp\/v2\/posts\/58766","targetHints":{"allow":["GET"]}}],"collection":[{"href":"https:\/\/eldiariodesanpedro.com.ar\/sitio\/wp-json\/wp\/v2\/posts"}],"about":[{"href":"https:\/\/eldiariodesanpedro.com.ar\/sitio\/wp-json\/wp\/v2\/types\/post"}],"author":[{"embeddable":true,"href":"https:\/\/eldiariodesanpedro.com.ar\/sitio\/wp-json\/wp\/v2\/users\/4"}],"replies":[{"embeddable":true,"href":"https:\/\/eldiariodesanpedro.com.ar\/sitio\/wp-json\/wp\/v2\/comments?post=58766"}],"version-history":[{"count":1,"href":"https:\/\/eldiariodesanpedro.com.ar\/sitio\/wp-json\/wp\/v2\/posts\/58766\/revisions"}],"predecessor-version":[{"id":58772,"href":"https:\/\/eldiariodesanpedro.com.ar\/sitio\/wp-json\/wp\/v2\/posts\/58766\/revisions\/58772"}],"wp:featuredmedia":[{"embeddable":true,"href":"https:\/\/eldiariodesanpedro.com.ar\/sitio\/wp-json\/wp\/v2\/media\/56528"}],"wp:attachment":[{"href":"https:\/\/eldiariodesanpedro.com.ar\/sitio\/wp-json\/wp\/v2\/media?parent=58766"}],"wp:term":[{"taxonomy":"category","embeddable":true,"href":"https:\/\/eldiariodesanpedro.com.ar\/sitio\/wp-json\/wp\/v2\/categories?post=58766"},{"taxonomy":"post_tag","embeddable":true,"href":"https:\/\/eldiariodesanpedro.com.ar\/sitio\/wp-json\/wp\/v2\/tags?post=58766"}],"curies":[{"name":"wp","href":"https:\/\/api.w.org\/{rel}","templated":true}]}}