{"id":58761,"date":"2019-08-26T09:52:27","date_gmt":"2019-08-26T12:52:27","guid":{"rendered":"https:\/\/eldiariodesanpedro.com.ar\/sitio\/?p=58761"},"modified":"2019-08-26T09:52:31","modified_gmt":"2019-08-26T12:52:31","slug":"con-87-shows-confirmados-se-aproxima-el-16-san-pedro-country-music-festival","status":"publish","type":"post","link":"https:\/\/eldiariodesanpedro.com.ar\/sitio\/con-87-shows-confirmados-se-aproxima-el-16-san-pedro-country-music-festival\/","title":{"rendered":"Con 87 shows confirmados se aproxima el 16\u00b0 San Pedro Country Music Festival"},"content":{"rendered":"<!-- VideographyWP Plugin Message: Automatic video embedding prevented by plugin options. -->\n\n<p>\n\nRenovando su convocatoria y sumando una jornada m\u00e1s a la propuesta, con entrada libre y gratuita, que en San Pedro recibe a p\u00fablico del interior y el exterior del pa\u00eds, la producci\u00f3n del festival anuncia&nbsp;<strong>87 shows para la edici\u00f3n 2019<\/strong>&nbsp;y, adem\u00e1s, una apertura especial con baile en l\u00ednea, para el \u00faltimo d\u00eda.<\/p>\n\n\n\n<p>Este a\u00f1o ser\u00e1n&nbsp;<strong>seis las presencias sampedrinas con,&nbsp;Val\u00fam, Dr. Egg, Lucia V\u00e1zquez, King Bee, Feli Rolfo y San Folk<\/strong>.&nbsp;&nbsp;Regresan artistas que vienen siendo parte del encuentro desde la recordada primera cita en el Anfiteatro del V\u00eda Crucis de San Pedro y se suman novedades como&nbsp;Gloria River y Glenn Taylor&nbsp;desde Estados,&nbsp;Lisa Thornqvist&nbsp;(artista sueca residente en Argentina), representantes de Uruguay, Brasil, Chile y grupos desde Tierra del Fuego a Santiago del Estero.<\/p>\n\n\n\n<p>En el&nbsp;<strong>Paseo P\u00fablico Municipal,&nbsp;el jueves 26 y viernes 27 comenzar\u00e1 a las 14.30, y el s\u00e1bado 28 y domingo 29 comenzar\u00e1 a las 10.30<\/strong>.&nbsp;&nbsp;El domingo antes de la apertura en el escenario, se presentar\u00e1 una coreograf\u00eda de 10 minutos del caracter\u00edstico baile country en la Avenida Costanera, con la participaci\u00f3n de todas las escuelas de este tipo de baile del pa\u00eds.<\/p>\n\n\n\n<p><strong>El&nbsp;s\u00e1bado 21 de septiembre a las 18,&nbsp;en el Centro Cultural Municipal Abelardo Castillo<\/strong>, tendr\u00e1 lugar una presentaci\u00f3n de prensa, abierta al p\u00fablico y con transmisi\u00f3n a trav\u00e9s de las redes sociales del festival, con la actuaci\u00f3n de los seis grupos sampedrinos que ser\u00e1n part\u00edcipes del festival.&nbsp;<\/p>\n\n\n\n<p>La Municipalidad de San Pedro a trav\u00e9s de la Direcci\u00f3n de Turismo, la Embajada de Estados Unidos en Argentina y empresas y prestadores locales, acompa\u00f1an esta nueva edici\u00f3n del festival, producido por Country2.com, Estaci\u00f3n San Pedro e Independencia F\u00fatbol Club.<\/p>\n\n\n\n<p>Para mayor informaci\u00f3n y contacto, se puede ingresar en el sitio web\u00a0<a rel=\"noreferrer noopener\" href=\"http:\/\/www.country2.com\/\" target=\"_blank\">www.country2.com<\/a>\u00a0y en todas las redes sociales. <\/p>\n\n\n\n<h3 class=\"wp-block-heading\">Programaci\u00f3n 2019<br>Jueves 26 de Septiembre \u00a0&#8211; 14.30\u00a0<\/h3>\n\n\n\n<p><a href=\"https:\/\/gmail.us3.list-manage.com\/track\/click?u=0f9ccbf030d99ac0b1677a8eb&amp;id=db4f51ff58&amp;e=c9d0a10124\" target=\"_blank\" rel=\"noreferrer noopener\">Mariano Villano<\/a><br>V\u00e1lum&nbsp;(San Pedro)<br><a href=\"https:\/\/gmail.us3.list-manage.com\/track\/click?u=0f9ccbf030d99ac0b1677a8eb&amp;id=00ee74032e&amp;e=c9d0a10124\" target=\"_blank\" rel=\"noreferrer noopener\">Jorge Castillo Tr\u00edo<\/a><br><a href=\"https:\/\/gmail.us3.list-manage.com\/track\/click?u=0f9ccbf030d99ac0b1677a8eb&amp;id=b03ebf124e&amp;e=c9d0a10124\" target=\"_blank\" rel=\"noreferrer noopener\">Mila Barcala<\/a><br><a href=\"https:\/\/gmail.us3.list-manage.com\/track\/click?u=0f9ccbf030d99ac0b1677a8eb&amp;id=f36d7bbd8c&amp;e=c9d0a10124\" target=\"_blank\" rel=\"noreferrer noopener\">Deluxe Motel<\/a><br><a href=\"https:\/\/gmail.us3.list-manage.com\/track\/click?u=0f9ccbf030d99ac0b1677a8eb&amp;id=863b7d18e4&amp;e=c9d0a10124\" target=\"_blank\" rel=\"noreferrer noopener\">Tinta de U.B.A<\/a><br>Covernautas<br>Karen Lammermoor<br>R\u00edo Verde (Rosario)<br>Luc\u00eda V\u00e1zquez&nbsp;(San Pedro)<br><a href=\"https:\/\/gmail.us3.list-manage.com\/track\/click?u=0f9ccbf030d99ac0b1677a8eb&amp;id=d55eb79a5e&amp;e=c9d0a10124\" target=\"_blank\" rel=\"noreferrer noopener\">Two of us<\/a><br>Carlos Arcuri &amp; The Dusty Devils<br>Los Solitarios<br><a href=\"https:\/\/gmail.us3.list-manage.com\/track\/click?u=0f9ccbf030d99ac0b1677a8eb&amp;id=af82f0f36d&amp;e=c9d0a10124\" target=\"_blank\" rel=\"noreferrer noopener\">Bayou Pampa<\/a><br>Cristian Luna &amp; The Tock and Blues<br>Lun\u00e1ticos Rufianes<br><a href=\"https:\/\/gmail.us3.list-manage.com\/track\/click?u=0f9ccbf030d99ac0b1677a8eb&amp;id=48ccc18d8e&amp;e=c9d0a10124\" target=\"_blank\" rel=\"noreferrer noopener\">Lady Who<\/a><br><a href=\"https:\/\/gmail.us3.list-manage.com\/track\/click?u=0f9ccbf030d99ac0b1677a8eb&amp;id=69536d4faa&amp;e=c9d0a10124\" target=\"_blank\" rel=\"noreferrer noopener\">Cherry Collins<\/a><br><a href=\"https:\/\/gmail.us3.list-manage.com\/track\/click?u=0f9ccbf030d99ac0b1677a8eb&amp;id=cf4090d298&amp;e=c9d0a10124\" target=\"_blank\" rel=\"noreferrer noopener\">The Dapper Dan Band&nbsp;(C\u00f3rdoba)<\/a><br>Mu\u00f1e &amp; The Poor Boys<\/p>\n\n\n\n<h4 class=\"wp-block-heading\"><br>Viernes 27 de Septiembre \u2013 14.30 hs<\/h4>\n\n\n\n<p>Old Richard<br>Proyecto Country<br>Leyendas<br>Vuelo Vertical<br><a href=\"https:\/\/gmail.us3.list-manage.com\/track\/click?u=0f9ccbf030d99ac0b1677a8eb&amp;id=c0a79b8cbc&amp;e=c9d0a10124\" target=\"_blank\" rel=\"noreferrer noopener\">Cover Souls<\/a><br>Las Mulas<br><a href=\"https:\/\/gmail.us3.list-manage.com\/track\/click?u=0f9ccbf030d99ac0b1677a8eb&amp;id=0eb31b323d&amp;e=c9d0a10124\" target=\"_blank\" rel=\"noreferrer noopener\">Baby Darlin\u2019<\/a><br>Wayward Horses<br>Los Revival<br><a href=\"https:\/\/gmail.us3.list-manage.com\/track\/click?u=0f9ccbf030d99ac0b1677a8eb&amp;id=f8998691bd&amp;e=c9d0a10124\" target=\"_blank\" rel=\"noreferrer noopener\">RJ Gauna &amp; Los Folkabilly<\/a><br>Dixienard<br>Frank Jacket y Los de Rio Seco&nbsp;(Chile)<br>San Francisco &amp; The Storytellers<br>Dr. EGG&nbsp;(San Pedro)<br>The Mahogany\u2019s<a href=\"https:\/\/gmail.us3.list-manage.com\/track\/click?u=0f9ccbf030d99ac0b1677a8eb&amp;id=2e7ab150c0&amp;e=c9d0a10124\" target=\"_blank\" rel=\"noreferrer noopener\">The Furiosos Club de Swing<\/a><br>The Shadows<br>Elvis Lives&nbsp;(Rosario)<br>Far West 100% Creedence<\/p>\n\n\n\n<h4 class=\"wp-block-heading\"><br>S\u00e1bado 28 de Septiembre \u2013 10.30 hs<\/h4>\n\n\n\n<p>King Bee (San Pedro)<br>ShugarLajtav\u00e1ry Family Band<br>Creedence Clearwater Revalued<br><a href=\"https:\/\/gmail.us3.list-manage.com\/track\/click?u=0f9ccbf030d99ac0b1677a8eb&amp;id=79df0f1ddd&amp;e=c9d0a10124\" target=\"_blank\" rel=\"noreferrer noopener\">Syncerus<\/a><br><a href=\"https:\/\/gmail.us3.list-manage.com\/track\/click?u=0f9ccbf030d99ac0b1677a8eb&amp;id=252bd05e2d&amp;e=c9d0a10124\" target=\"_blank\" rel=\"noreferrer noopener\">Mart\u00edn Celi<\/a><br><a href=\"https:\/\/gmail.us3.list-manage.com\/track\/click?u=0f9ccbf030d99ac0b1677a8eb&amp;id=a2c029dbaa&amp;e=c9d0a10124\" target=\"_blank\" rel=\"noreferrer noopener\">Sr. Krund&nbsp;(Ushuaia)<\/a><br><a href=\"https:\/\/gmail.us3.list-manage.com\/track\/click?u=0f9ccbf030d99ac0b1677a8eb&amp;id=ca69e01a07&amp;e=c9d0a10124\" target=\"_blank\" rel=\"noreferrer noopener\">Charlie Callthrop All Stars<\/a><br>Los Adoquines Rockabilly Band<br>Mat\u00edas Montero \u2013 Homenaje a Johnny Cash<br>Glenn Taylor&nbsp;(Denver, USA)<br>Feli Rolfo&nbsp;(San Pedro)<br>Nati Bravo<br>Los B\u00fafalos Sedientos&nbsp;(C\u00f3rdoba)<br><a href=\"https:\/\/gmail.us3.list-manage.com\/track\/click?u=0f9ccbf030d99ac0b1677a8eb&amp;id=b20a1bcbc3&amp;e=c9d0a10124\" target=\"_blank\" rel=\"noreferrer noopener\">Maverick Country Band&nbsp;(Ushuaia)<\/a><br>Billy La Rocka<br><a href=\"https:\/\/gmail.us3.list-manage.com\/track\/click?u=0f9ccbf030d99ac0b1677a8eb&amp;id=ff944e1e01&amp;e=c9d0a10124\" target=\"_blank\" rel=\"noreferrer noopener\">Gus Di Bella &amp; Joshua 3<\/a><br>Natali Castillo &amp; Pepe Arribas Torres<br><a href=\"https:\/\/gmail.us3.list-manage.com\/track\/click?u=0f9ccbf030d99ac0b1677a8eb&amp;id=451981bce4&amp;e=c9d0a10124\" target=\"_blank\" rel=\"noreferrer noopener\">Wanted<\/a><br><a href=\"https:\/\/gmail.us3.list-manage.com\/track\/click?u=0f9ccbf030d99ac0b1677a8eb&amp;id=2c1d514a62&amp;e=c9d0a10124\" target=\"_blank\" rel=\"noreferrer noopener\">Fer Couto &nbsp;&amp; The Wanderin\u2019 Souls<\/a><br><a href=\"https:\/\/gmail.us3.list-manage.com\/track\/click?u=0f9ccbf030d99ac0b1677a8eb&amp;id=1930d2a715&amp;e=c9d0a10124\" target=\"_blank\" rel=\"noreferrer noopener\">Harvest&nbsp;<\/a><br>Pasto Loco<br>Fernando Goin<br>Max &amp; Line Dance Club<br>Henry Donati<br><a href=\"https:\/\/gmail.us3.list-manage.com\/track\/click?u=0f9ccbf030d99ac0b1677a8eb&amp;id=d21eba94b2&amp;e=c9d0a10124\" target=\"_blank\" rel=\"noreferrer noopener\">Country Gru\u00f1\u00f3n<\/a><br>Tennessee Country<br><a href=\"https:\/\/gmail.us3.list-manage.com\/track\/click?u=0f9ccbf030d99ac0b1677a8eb&amp;id=c3a29b8d52&amp;e=c9d0a10124\" target=\"_blank\" rel=\"noreferrer noopener\">The Rey Band<\/a><\/p>\n\n\n\n<h4 class=\"wp-block-heading\"><br>Domingo 29 de Septiembre \u2013 11.00 hs<\/h4>\n\n\n\n<p>San Pedro Country Line Dance (Avenida Costanera, a las 10.30)<a href=\"https:\/\/gmail.us3.list-manage.com\/track\/click?u=0f9ccbf030d99ac0b1677a8eb&amp;id=25a15f58cc&amp;e=c9d0a10124\" target=\"_blank\" rel=\"noreferrer noopener\">La Blue\u2019s Ayres Band<\/a><br>La Rockabilera del Sur<br><a href=\"https:\/\/gmail.us3.list-manage.com\/track\/click?u=0f9ccbf030d99ac0b1677a8eb&amp;id=0242bfcaf1&amp;e=c9d0a10124\" target=\"_blank\" rel=\"noreferrer noopener\">Chuckwagon&nbsp;<\/a><br>Hot Pickin\u2019 Brothers<br>Gloria River&nbsp;(Houston, USA)<br>Beto Bonfante &nbsp;&amp; &nbsp;Cuerdas Calientes&nbsp;(Santiago del Estero)<br><a href=\"https:\/\/gmail.us3.list-manage.com\/track\/click?u=0f9ccbf030d99ac0b1677a8eb&amp;id=8d26877049&amp;e=c9d0a10124\" target=\"_blank\" rel=\"noreferrer noopener\">Lisa Thornqvist &amp; The BandJoes &nbsp;(Suecia)<\/a><br><a href=\"https:\/\/gmail.us3.list-manage.com\/track\/click?u=0f9ccbf030d99ac0b1677a8eb&amp;id=d099c46c18&amp;e=c9d0a10124\" target=\"_blank\" rel=\"noreferrer noopener\">Gabriel Gratzer<\/a><br>Bronco (Totoras, Santa Fe)<br>SanFolk&nbsp;(San Pedro)<br>Buffalo Billys<br><a href=\"https:\/\/gmail.us3.list-manage.com\/track\/click?u=0f9ccbf030d99ac0b1677a8eb&amp;id=4873e220f0&amp;e=c9d0a10124\" target=\"_blank\" rel=\"noreferrer noopener\">Montevideo Hot Country&nbsp;(Uruguay)<\/a><br><a href=\"https:\/\/gmail.us3.list-manage.com\/track\/click?u=0f9ccbf030d99ac0b1677a8eb&amp;id=34a885bf93&amp;e=c9d0a10124\" target=\"_blank\" rel=\"noreferrer noopener\">Riordan Irish Folk&nbsp;(Rosario)<\/a><br>No Bull<br>Orlando Curti &amp; The Groove Seekers<br>Fede Petro &amp; La Caos Orquesta<br>Melody &amp; Co.<br>Adri\u00e1n Tigen<br>The Rock and Rule Swing Orchestra&nbsp;(Rosario)<br>Johnny Tedesco &amp; Friends\n\n<\/p>\n\n\n\n<p><\/p>\n","protected":false},"excerpt":{"rendered":"<p>Renovando su convocatoria y sumando una jornada m\u00e1s a la propuesta, con entrada libre y gratuita, que en San Pedro recibe a p\u00fablico del interior y el exterior del pa\u00eds, la producci\u00f3n del festival anuncia&nbsp;87 shows para la edici\u00f3n 2019&nbsp;y, adem\u00e1s, una apertura especial con baile en l\u00ednea, para el \u00faltimo d\u00eda. Este a\u00f1o ser\u00e1n&nbsp;seis [&hellip;]<\/p>\n","protected":false},"author":4,"featured_media":58762,"comment_status":"open","ping_status":"closed","sticky":false,"template":"","format":"standard","meta":{"om_disable_all_campaigns":false,"_jetpack_memberships_contains_paid_content":false,"footnotes":""},"categories":[50,101,2],"tags":[],"class_list":["post-58761","post","type-post","status-publish","format-standard","has-post-thumbnail","hentry","category-destacadas","category-interes-general-locales","category-locales"],"aioseo_notices":[],"gutentor_comment":0,"jetpack_featured_media_url":"https:\/\/eldiariodesanpedro.com.ar\/sitio\/wp-content\/uploads\/2019\/08\/45318580274_cc91a6f30d_o.jpg","jetpack_shortlink":"https:\/\/wp.me\/p6RhLt-fhL","jetpack_sharing_enabled":true,"_links":{"self":[{"href":"https:\/\/eldiariodesanpedro.com.ar\/sitio\/wp-json\/wp\/v2\/posts\/58761","targetHints":{"allow":["GET"]}}],"collection":[{"href":"https:\/\/eldiariodesanpedro.com.ar\/sitio\/wp-json\/wp\/v2\/posts"}],"about":[{"href":"https:\/\/eldiariodesanpedro.com.ar\/sitio\/wp-json\/wp\/v2\/types\/post"}],"author":[{"embeddable":true,"href":"https:\/\/eldiariodesanpedro.com.ar\/sitio\/wp-json\/wp\/v2\/users\/4"}],"replies":[{"embeddable":true,"href":"https:\/\/eldiariodesanpedro.com.ar\/sitio\/wp-json\/wp\/v2\/comments?post=58761"}],"version-history":[{"count":1,"href":"https:\/\/eldiariodesanpedro.com.ar\/sitio\/wp-json\/wp\/v2\/posts\/58761\/revisions"}],"predecessor-version":[{"id":58763,"href":"https:\/\/eldiariodesanpedro.com.ar\/sitio\/wp-json\/wp\/v2\/posts\/58761\/revisions\/58763"}],"wp:featuredmedia":[{"embeddable":true,"href":"https:\/\/eldiariodesanpedro.com.ar\/sitio\/wp-json\/wp\/v2\/media\/58762"}],"wp:attachment":[{"href":"https:\/\/eldiariodesanpedro.com.ar\/sitio\/wp-json\/wp\/v2\/media?parent=58761"}],"wp:term":[{"taxonomy":"category","embeddable":true,"href":"https:\/\/eldiariodesanpedro.com.ar\/sitio\/wp-json\/wp\/v2\/categories?post=58761"},{"taxonomy":"post_tag","embeddable":true,"href":"https:\/\/eldiariodesanpedro.com.ar\/sitio\/wp-json\/wp\/v2\/tags?post=58761"}],"curies":[{"name":"wp","href":"https:\/\/api.w.org\/{rel}","templated":true}]}}