{"id":58760,"date":"2019-08-26T09:53:37","date_gmt":"2019-08-26T12:53:37","guid":{"rendered":"https:\/\/eldiariodesanpedro.com.ar\/sitio\/?p=58760"},"modified":"2019-08-26T18:18:49","modified_gmt":"2019-08-26T21:18:49","slug":"situacion-violenta-en-escuela-6-le-revoleo-con-una-piedra-y-le-abrio-la-cabeza","status":"publish","type":"post","link":"https:\/\/eldiariodesanpedro.com.ar\/sitio\/situacion-violenta-en-escuela-6-le-revoleo-con-una-piedra-y-le-abrio-la-cabeza\/","title":{"rendered":"Situaci\u00f3n violenta en escuela 6: \u00abLe revole\u00f3 con una piedra y le abri\u00f3 la cabeza\u00bb"},"content":{"rendered":"<!-- VideographyWP Plugin Message: Automatic video embedding prevented by plugin options. -->\n\n<p>Familiar de un menor que asiste a la escuela N\u00ba6 de nuestra ciudad hizo publico en su red social un violento hecho que paso el viernes con un compa\u00f1ero.<\/p>\n\n\n\n<p>\u00abNo s\u00e9 como empezar a escribir esto de lo indignada que estoy. Hoy en la escuela 6, \u201cla mejor del pa\u00eds\u201d a mi sobrino un nene le revole\u00f3 con una piedra (muy grande) por la cabeza, se la abri\u00f3, quisiera saber d\u00f3nde estaban las maestras que no est\u00e1n vigilando lo qu\u00e9 hacen los chicos en el recreo, (de hecho mi sobrino lleg\u00f3 tarde al sal\u00f3n y no lo notaron) qu\u00e9 clase de maestra sos???? \u00ab, comenzaba el texto expuesto en la red social facebook por la t\u00eda del menor.<\/p>\n\n\n\n<p>El ni\u00f1o fue suturado en la parte de la cabeza tras recibir un fuerte golpe con una piedra que le tiro otro compa\u00f1ero en el recreo.<\/p>\n\n\n\n<p>Flor, su t\u00eda,  pidi\u00f3 explicaciones p\u00fablicas a la Instituci\u00f3n y expres\u00f3 su enojo al recibir otra versi\u00f3n por parte de la docente a cargo, \u00abBenicio tiene 6 a\u00f1os, sabe hablar, sabe contar lo que le pas\u00f3, y dijo que el otro nene se la revole\u00f3 aprop\u00f3sito. A esas profesoras que no prestan atenci\u00f3n a lo que hacen los chicos, por lo menos saquen las piedras, son un arma para ellos\u00bb.\u00a0 <\/p>\n\n\n\n<p>Desde nuestra redacci\u00f3n dialogamos este lunes por la ma\u00f1ana con quien denuncia cont\u00e1ndonos que el menor se encuentra mejor, recuper\u00e1ndose y  no siente ya tanto dolor. Adem\u00e1s nos brind\u00f3 todos lo detalles de c\u00f3mo fue el violento episodio en el establecimiento escolar y la respuestas de otras mam\u00e1s que tambi\u00e9n vivieron situaciones dentro.<\/p>\n\n\n\n<p>\u00abA mi me llama mi hermano el viernes a las seis aproximadamente, para avisarme que estaba viniendo a san pedro porque a mi sobrino le hab\u00edan abierto la cabeza, y que ya estaba en su casa, yo salgo corriendo super preocupada y ah\u00ed la mam\u00e1 de mi sobrino me comenta como fue todo, mi sobrino sali\u00f3 al patio, otro nene le tira la piedra, una piedra, mi sobrino lleg\u00f3 tarde al sal\u00f3n con todo el delantal y el buzo, manchado con sangre, llamaron a la ambulancia, lo acompa\u00f1\u00f3 la directora, no as\u00ed su maestra que se qued\u00f3 porque ten\u00edan que retirar a otro nene que lo hab\u00edan rasgu\u00f1ado, como respuesta a lo que pas\u00f3 nos dijeron que \u201cse cay\u00f3 arriba de la piedra y se lastim\u00f3\u201d jam\u00e1s se podr\u00eda haber abierto la cabeza cayendo arriba de una piedra, lo que pasa que la piedra es tan grande que no se explican como un nene la pudo levantar\u00bb<\/p>\n\n\n\n<p>\u00bb La mam\u00e1 de mi sobrino va a buscar la mochila y el delantal a la escuela, y pide que saquen las piedras, no obtuvo ninguna respuesta, s\u00f3lo le dijeron que las piedras sal\u00edan del piso roto, que no es as\u00ed porque del piso roto se desprenden piedritas chiquitas.  Y no termina ah\u00ed, a trav\u00e9s de mi posteo en facebook me habla otra mam\u00e1 para decirme \u201ca mi hijo le pegaron entre 5, le fracturaron la rodilla, el seguro de la escuela no se hizo cargo, y en el acta pusieron que se cay\u00f3 y se rasp\u00f3 la rodilla\u201d despu\u00e9s otra mam\u00e1 \u201cmi hijo no quiere ir al ba\u00f1o porque los ni\u00f1os de 3ro le hacen burla\u201d otra mam\u00e1 \u201ca mi hijo le pega todos los d\u00edas el mismo compa\u00f1ero, fui a hablar reiteradas veces con la directora y todo queda en actas\u201d otra mam\u00e1 \u201ca mi hijo le quisieron pegar entre 4\u201d otra mam\u00e1 \u201ca mi hijo le dieron la cabeza contra la pared la semana pasada y ni siquiera llamaron a la ambulancia\u201d, culmin\u00f3.<br><br><\/p>\n\n\n\n<figure><iframe data-src=\"https:\/\/www.facebook.com\/plugins\/post.php?href=https%3A%2F%2Fwww.facebook.com%2Ffflorazula%2Fposts%2F3138288599522450&amp;width=500\" width=\"500\" height=\"763\" src=\"data:image\/svg+xml;base64,PHN2ZyB3aWR0aD0iMSIgaGVpZ2h0PSIxIiB4bWxucz0iaHR0cDovL3d3dy53My5vcmcvMjAwMC9zdmciPjwvc3ZnPg==\" class=\"lazyload\" data-load-mode=\"1\"><\/iframe><\/figure>\n","protected":false},"excerpt":{"rendered":"<p>Familiar de un menor que asiste a la escuela N\u00ba6 de nuestra ciudad hizo publico en su red social un violento hecho que paso el viernes con un compa\u00f1ero. \u00abNo s\u00e9 como empezar a escribir esto de lo indignada que estoy. Hoy en la escuela 6, \u201cla mejor del pa\u00eds\u201d a mi sobrino un nene [&hellip;]<\/p>\n","protected":false},"author":4,"featured_media":58764,"comment_status":"open","ping_status":"closed","sticky":false,"template":"","format":"standard","meta":{"om_disable_all_campaigns":false,"_jetpack_memberships_contains_paid_content":false,"footnotes":""},"categories":[101,2],"tags":[],"class_list":["post-58760","post","type-post","status-publish","format-standard","has-post-thumbnail","hentry","category-interes-general-locales","category-locales"],"aioseo_notices":[],"gutentor_comment":0,"jetpack_featured_media_url":"https:\/\/eldiariodesanpedro.com.ar\/sitio\/wp-content\/uploads\/2019\/08\/escuela-6.jpg","jetpack_shortlink":"https:\/\/wp.me\/p6RhLt-fhK","jetpack_sharing_enabled":true,"_links":{"self":[{"href":"https:\/\/eldiariodesanpedro.com.ar\/sitio\/wp-json\/wp\/v2\/posts\/58760","targetHints":{"allow":["GET"]}}],"collection":[{"href":"https:\/\/eldiariodesanpedro.com.ar\/sitio\/wp-json\/wp\/v2\/posts"}],"about":[{"href":"https:\/\/eldiariodesanpedro.com.ar\/sitio\/wp-json\/wp\/v2\/types\/post"}],"author":[{"embeddable":true,"href":"https:\/\/eldiariodesanpedro.com.ar\/sitio\/wp-json\/wp\/v2\/users\/4"}],"replies":[{"embeddable":true,"href":"https:\/\/eldiariodesanpedro.com.ar\/sitio\/wp-json\/wp\/v2\/comments?post=58760"}],"version-history":[{"count":2,"href":"https:\/\/eldiariodesanpedro.com.ar\/sitio\/wp-json\/wp\/v2\/posts\/58760\/revisions"}],"predecessor-version":[{"id":58801,"href":"https:\/\/eldiariodesanpedro.com.ar\/sitio\/wp-json\/wp\/v2\/posts\/58760\/revisions\/58801"}],"wp:featuredmedia":[{"embeddable":true,"href":"https:\/\/eldiariodesanpedro.com.ar\/sitio\/wp-json\/wp\/v2\/media\/58764"}],"wp:attachment":[{"href":"https:\/\/eldiariodesanpedro.com.ar\/sitio\/wp-json\/wp\/v2\/media?parent=58760"}],"wp:term":[{"taxonomy":"category","embeddable":true,"href":"https:\/\/eldiariodesanpedro.com.ar\/sitio\/wp-json\/wp\/v2\/categories?post=58760"},{"taxonomy":"post_tag","embeddable":true,"href":"https:\/\/eldiariodesanpedro.com.ar\/sitio\/wp-json\/wp\/v2\/tags?post=58760"}],"curies":[{"name":"wp","href":"https:\/\/api.w.org\/{rel}","templated":true}]}}