{"id":58754,"date":"2019-08-25T18:16:51","date_gmt":"2019-08-25T21:16:51","guid":{"rendered":"https:\/\/eldiariodesanpedro.com.ar\/sitio\/?p=58754"},"modified":"2019-08-25T18:16:55","modified_gmt":"2019-08-25T21:16:55","slug":"recuperan-dos-bicicletas-robadas","status":"publish","type":"post","link":"https:\/\/eldiariodesanpedro.com.ar\/sitio\/recuperan-dos-bicicletas-robadas\/","title":{"rendered":"Recuperan dos bicicletas robadas"},"content":{"rendered":"<!-- VideographyWP Plugin Message: Automatic video embedding prevented by plugin options. -->\n\n<p>Durante la ma\u00f1ana de este s\u00e1bado el personal del gabinete de prevenci\u00f3n de la comisar\u00eda&nbsp; tras averiguaciones logra hallar dos bicicletas de competici\u00f3n abandonadas por delincuentes en&nbsp; descampado calle Nieto de Torres, sustra\u00eddas instantes antes sin violencia interior en domicilio Mateo Sbert al 400, propiedad de una mujer de 33 a\u00f1os.&nbsp;<br><\/p>\n","protected":false},"excerpt":{"rendered":"<p>Durante la ma\u00f1ana de este s\u00e1bado el personal del gabinete de prevenci\u00f3n de la comisar\u00eda&nbsp; tras averiguaciones logra hallar dos bicicletas de competici\u00f3n abandonadas por delincuentes en&nbsp; descampado calle Nieto de Torres, sustra\u00eddas instantes antes sin violencia interior en domicilio Mateo Sbert al 400, propiedad de una mujer de 33 a\u00f1os.&nbsp;<\/p>\n","protected":false},"author":4,"featured_media":58755,"comment_status":"open","ping_status":"closed","sticky":false,"template":"","format":"standard","meta":{"om_disable_all_campaigns":false,"_jetpack_memberships_contains_paid_content":false,"footnotes":""},"categories":[2,103],"tags":[],"class_list":["post-58754","post","type-post","status-publish","format-standard","has-post-thumbnail","hentry","category-locales","category-policiales-locales"],"aioseo_notices":[],"gutentor_comment":0,"jetpack_featured_media_url":"https:\/\/eldiariodesanpedro.com.ar\/sitio\/wp-content\/uploads\/2019\/08\/whatsapp_image_2019-08-25_at_09.27.52.jpeg","jetpack_shortlink":"https:\/\/wp.me\/p6RhLt-fhE","jetpack_sharing_enabled":true,"_links":{"self":[{"href":"https:\/\/eldiariodesanpedro.com.ar\/sitio\/wp-json\/wp\/v2\/posts\/58754","targetHints":{"allow":["GET"]}}],"collection":[{"href":"https:\/\/eldiariodesanpedro.com.ar\/sitio\/wp-json\/wp\/v2\/posts"}],"about":[{"href":"https:\/\/eldiariodesanpedro.com.ar\/sitio\/wp-json\/wp\/v2\/types\/post"}],"author":[{"embeddable":true,"href":"https:\/\/eldiariodesanpedro.com.ar\/sitio\/wp-json\/wp\/v2\/users\/4"}],"replies":[{"embeddable":true,"href":"https:\/\/eldiariodesanpedro.com.ar\/sitio\/wp-json\/wp\/v2\/comments?post=58754"}],"version-history":[{"count":1,"href":"https:\/\/eldiariodesanpedro.com.ar\/sitio\/wp-json\/wp\/v2\/posts\/58754\/revisions"}],"predecessor-version":[{"id":58756,"href":"https:\/\/eldiariodesanpedro.com.ar\/sitio\/wp-json\/wp\/v2\/posts\/58754\/revisions\/58756"}],"wp:featuredmedia":[{"embeddable":true,"href":"https:\/\/eldiariodesanpedro.com.ar\/sitio\/wp-json\/wp\/v2\/media\/58755"}],"wp:attachment":[{"href":"https:\/\/eldiariodesanpedro.com.ar\/sitio\/wp-json\/wp\/v2\/media?parent=58754"}],"wp:term":[{"taxonomy":"category","embeddable":true,"href":"https:\/\/eldiariodesanpedro.com.ar\/sitio\/wp-json\/wp\/v2\/categories?post=58754"},{"taxonomy":"post_tag","embeddable":true,"href":"https:\/\/eldiariodesanpedro.com.ar\/sitio\/wp-json\/wp\/v2\/tags?post=58754"}],"curies":[{"name":"wp","href":"https:\/\/api.w.org\/{rel}","templated":true}]}}