{"id":58751,"date":"2019-08-25T17:20:54","date_gmt":"2019-08-25T20:20:54","guid":{"rendered":"https:\/\/eldiariodesanpedro.com.ar\/sitio\/?p=58751"},"modified":"2019-08-25T17:20:59","modified_gmt":"2019-08-25T20:20:59","slug":"los-murcielagos-debutaron-con-un-triunfo-en-lima","status":"publish","type":"post","link":"https:\/\/eldiariodesanpedro.com.ar\/sitio\/los-murcielagos-debutaron-con-un-triunfo-en-lima\/","title":{"rendered":"Los Murci\u00e9lagos debutaron con un triunfo en Lima"},"content":{"rendered":"<!-- VideographyWP Plugin Message: Automatic video embedding prevented by plugin options. -->\n\n<p>El equipo del cual es emblema Silvio Velo gan\u00f3 2 a 0 en el debut y ya piensa en Brasil, rival del segundo encuentro.\u00a0<\/p>\n\n\n\n<p>El seleccionado argentino de f\u00fatbol para ciegos, Los Murci\u00e9lagos, debut\u00f3 en los Juegos Parapanamericanos de Lima con un triunfo por 2 a 0 ante Costa Rica.<\/p>\n\n\n\n<p>El sampedrino Silvio Velo participa en su cuarto juego parapanamericano y buscar\u00e1 la medalla de oro, la \u00fanica que le falta en su exitosa carrera. En el primer partido, Velo fue suplente pero en un tramo del segundo tiempo ingres\u00f3 y aport\u00f3 toda su experiencia para asegurar el partido para los argentinos.&nbsp;&nbsp;<\/p>\n\n\n\n<p>Los goles del equipo argentino los marcaron Maximiliano Espinillo y Nicol\u00e1s V\u00e9liz.<\/p>\n\n\n\n<p>Los Murci\u00e9lagos formaron con Dar\u00edo Lencina; Froil\u00e1n Padilla, \u00c1ngel Deldo, Federico Accardi y Maximiliano Espinillo.<\/p>\n\n\n\n<p>Hoy domingo Argentina enfrentar\u00e1 a Brasil y luego sus rivales ser\u00e1n Per\u00fa, M\u00e9xico y Colombia.<\/p>\n\n\n\n<p><br><\/p>\n","protected":false},"excerpt":{"rendered":"<p>El equipo del cual es emblema Silvio Velo gan\u00f3 2 a 0 en el debut y ya piensa en Brasil, rival del segundo encuentro.\u00a0 El seleccionado argentino de f\u00fatbol para ciegos, Los Murci\u00e9lagos, debut\u00f3 en los Juegos Parapanamericanos de Lima con un triunfo por 2 a 0 ante Costa Rica. El sampedrino Silvio Velo participa [&hellip;]<\/p>\n","protected":false},"author":4,"featured_media":58752,"comment_status":"open","ping_status":"closed","sticky":false,"template":"","format":"standard","meta":{"om_disable_all_campaigns":false,"_jetpack_memberships_contains_paid_content":false,"footnotes":""},"categories":[101,2],"tags":[],"class_list":["post-58751","post","type-post","status-publish","format-standard","has-post-thumbnail","hentry","category-interes-general-locales","category-locales"],"aioseo_notices":[],"gutentor_comment":0,"jetpack_featured_media_url":"https:\/\/eldiariodesanpedro.com.ar\/sitio\/wp-content\/uploads\/2019\/08\/000079346.jpg","jetpack_shortlink":"https:\/\/wp.me\/p6RhLt-fhB","jetpack_sharing_enabled":true,"_links":{"self":[{"href":"https:\/\/eldiariodesanpedro.com.ar\/sitio\/wp-json\/wp\/v2\/posts\/58751","targetHints":{"allow":["GET"]}}],"collection":[{"href":"https:\/\/eldiariodesanpedro.com.ar\/sitio\/wp-json\/wp\/v2\/posts"}],"about":[{"href":"https:\/\/eldiariodesanpedro.com.ar\/sitio\/wp-json\/wp\/v2\/types\/post"}],"author":[{"embeddable":true,"href":"https:\/\/eldiariodesanpedro.com.ar\/sitio\/wp-json\/wp\/v2\/users\/4"}],"replies":[{"embeddable":true,"href":"https:\/\/eldiariodesanpedro.com.ar\/sitio\/wp-json\/wp\/v2\/comments?post=58751"}],"version-history":[{"count":1,"href":"https:\/\/eldiariodesanpedro.com.ar\/sitio\/wp-json\/wp\/v2\/posts\/58751\/revisions"}],"predecessor-version":[{"id":58753,"href":"https:\/\/eldiariodesanpedro.com.ar\/sitio\/wp-json\/wp\/v2\/posts\/58751\/revisions\/58753"}],"wp:featuredmedia":[{"embeddable":true,"href":"https:\/\/eldiariodesanpedro.com.ar\/sitio\/wp-json\/wp\/v2\/media\/58752"}],"wp:attachment":[{"href":"https:\/\/eldiariodesanpedro.com.ar\/sitio\/wp-json\/wp\/v2\/media?parent=58751"}],"wp:term":[{"taxonomy":"category","embeddable":true,"href":"https:\/\/eldiariodesanpedro.com.ar\/sitio\/wp-json\/wp\/v2\/categories?post=58751"},{"taxonomy":"post_tag","embeddable":true,"href":"https:\/\/eldiariodesanpedro.com.ar\/sitio\/wp-json\/wp\/v2\/tags?post=58751"}],"curies":[{"name":"wp","href":"https:\/\/api.w.org\/{rel}","templated":true}]}}