{"id":58748,"date":"2019-08-25T17:09:14","date_gmt":"2019-08-25T20:09:14","guid":{"rendered":"https:\/\/eldiariodesanpedro.com.ar\/sitio\/?p=58748"},"modified":"2019-08-25T17:09:18","modified_gmt":"2019-08-25T20:09:18","slug":"narcotrafico-las-causas-por-tenencia-de-drogas-para-consumo-personal-aumentaron-110-en-la-provincia","status":"publish","type":"post","link":"https:\/\/eldiariodesanpedro.com.ar\/sitio\/narcotrafico-las-causas-por-tenencia-de-drogas-para-consumo-personal-aumentaron-110-en-la-provincia\/","title":{"rendered":"Narcotr\u00e1fico: las causas por tenencia de drogas para consumo personal aumentaron 110% en la Provincia"},"content":{"rendered":"<!-- VideographyWP Plugin Message: Automatic video embedding prevented by plugin options. -->\n\n<p>Se trata de un informe de la Defensor\u00eda del Pueblo bonaerense, que manifiesta que, a pesar del fallo de la Corte Suprema que estableci\u00f3 hace una d\u00e9cada la inconstitucionalidad del art\u00edculo que prev\u00e9 penas de prisi\u00f3n por tenencia de drogas para consumo personal.<\/p>\n\n\n\n<p>Seg\u00fan la\u00a0Defensor\u00eda del Pueblo de la provincia de Buenos Aires, en territorio bonaerense,\u00a0en los \u00faltimos cinco a\u00f1os, se registr\u00f3 un aumento del 110% en el n\u00famero de las instrucciones penales preparatorias vinculadas a la violaci\u00f3n a la\u00a0Ley de Estupefacientes.\u00a0Adem\u00e1s, detalla que en el periodo 2017-2018, el incremento fue del 33%. De ese total, una de cada cuatro causas, tiene que ver con tenencia para consumo personal.<\/p>\n\n\n\n<p>Particularmente, seg\u00fan el escrito del defensor adjunto&nbsp;Walter Martello,&nbsp;Necochea&nbsp;es el departamento judicial donde este tipo de causas penales representan mayor porcentaje, seguido por&nbsp;San Nicol\u00e1s, Trenque Lauqu\u00e9n y Azul.<\/p>\n\n\n\n<p>Por otra parte, en el&nbsp;Servicio Penitenciario Federal (SPF),&nbsp;por delitos relacionados al narcotr\u00e1fico, la cantidad de presos procesados sin condena duplican a los que tienen sentencia:&nbsp;3.300 contra 1.500.&nbsp;&nbsp;A este panorama, se le suma un r\u00e9cord de deportaciones que, por general, involucran a personas de escasos recursos, que integran los eslabones m\u00e1s d\u00e9biles del sistema de comercializaci\u00f3n ilegal de estupefacientes.<\/p>\n\n\n\n<p>\u201cEl hostigamiento permanente y sistem\u00e1tico de integrantes de fuerzas de seguridad a consumidores de estupefacientes es una realidad concreta,&nbsp;que se registra a lo largo y ancho del pa\u00eds. As\u00ed lo viene denunciando, por ejemplo, el juez Mario Juliano, quien est\u00e1 a cargo del Tribunal en lo Criminal N\u00b0 1 de Necochea y actual presidente la Asociaci\u00f3n de Pensamiento Penal\u201d, dice el documento y contin\u00faa: \u201cEntre otras acciones, Juliano present\u00f3 un habeas corpus para que la poblaci\u00f3n juvenil no sea acosada por la Polic\u00eda por tenencia simple de marihuana\u201d.<\/p>\n\n\n\n<p>El escrito del magistrado versa que \u201chay tres conclusiones que se pueden elaborar a partir de un muestreo de esos procedimientos por tenencia para consumo personal: 1) que la casi totalidad de los procedimientos se encuentran relacionados con la marihuana; 2) que las personas interceptadas, en su inmensa mayor\u00eda, son menores de 25 a\u00f1os; y 3) que el promedio de sustancias secuestradas (marihuana) oscila en los 4 gramos. Una mera estimaci\u00f3n de los recursos materiales p\u00fablicos utilizados para llevar a cabo estos procedimientos (sueldos policiales, judiciales, papeler\u00eda, combustible, reactivos) arroja un costo aproximado de $ 10.000 por procedimiento.\u201d<\/p>\n\n\n\n<p>Prevenir no significa legalizar, as\u00ed lo entendi\u00f3 la propia Corte en el caso Arriola, destaca Martello: \u201cNo hay dudas de que en muchos casos los consumidores de drogas, en especial cuando se transforman en adictos, son las v\u00edctimas m\u00e1s visibles, junto a sus familias, del flagelo de las bandas criminales del narcotr\u00e1fico. No parece irrazonable sostener que una respuesta punitiva del Estado al consumidor se traduzca en una revictimizaci\u00f3n\u201d.<\/p>\n\n\n\n<p>Fuente: Info Cielo<\/p>\n","protected":false},"excerpt":{"rendered":"<p>Se trata de un informe de la Defensor\u00eda del Pueblo bonaerense, que manifiesta que, a pesar del fallo de la Corte Suprema que estableci\u00f3 hace una d\u00e9cada la inconstitucionalidad del art\u00edculo que prev\u00e9 penas de prisi\u00f3n por tenencia de drogas para consumo personal. Seg\u00fan la\u00a0Defensor\u00eda del Pueblo de la provincia de Buenos Aires, en territorio [&hellip;]<\/p>\n","protected":false},"author":4,"featured_media":58749,"comment_status":"open","ping_status":"closed","sticky":false,"template":"","format":"standard","meta":{"om_disable_all_campaigns":false,"_jetpack_memberships_contains_paid_content":false,"footnotes":""},"categories":[621],"tags":[],"class_list":["post-58748","post","type-post","status-publish","format-standard","has-post-thumbnail","hentry","category-regionales"],"aioseo_notices":[],"gutentor_comment":0,"jetpack_featured_media_url":"https:\/\/eldiariodesanpedro.com.ar\/sitio\/wp-content\/uploads\/2019\/08\/000079330.jpg","jetpack_shortlink":"https:\/\/wp.me\/p6RhLt-fhy","jetpack_sharing_enabled":true,"_links":{"self":[{"href":"https:\/\/eldiariodesanpedro.com.ar\/sitio\/wp-json\/wp\/v2\/posts\/58748","targetHints":{"allow":["GET"]}}],"collection":[{"href":"https:\/\/eldiariodesanpedro.com.ar\/sitio\/wp-json\/wp\/v2\/posts"}],"about":[{"href":"https:\/\/eldiariodesanpedro.com.ar\/sitio\/wp-json\/wp\/v2\/types\/post"}],"author":[{"embeddable":true,"href":"https:\/\/eldiariodesanpedro.com.ar\/sitio\/wp-json\/wp\/v2\/users\/4"}],"replies":[{"embeddable":true,"href":"https:\/\/eldiariodesanpedro.com.ar\/sitio\/wp-json\/wp\/v2\/comments?post=58748"}],"version-history":[{"count":1,"href":"https:\/\/eldiariodesanpedro.com.ar\/sitio\/wp-json\/wp\/v2\/posts\/58748\/revisions"}],"predecessor-version":[{"id":58750,"href":"https:\/\/eldiariodesanpedro.com.ar\/sitio\/wp-json\/wp\/v2\/posts\/58748\/revisions\/58750"}],"wp:featuredmedia":[{"embeddable":true,"href":"https:\/\/eldiariodesanpedro.com.ar\/sitio\/wp-json\/wp\/v2\/media\/58749"}],"wp:attachment":[{"href":"https:\/\/eldiariodesanpedro.com.ar\/sitio\/wp-json\/wp\/v2\/media?parent=58748"}],"wp:term":[{"taxonomy":"category","embeddable":true,"href":"https:\/\/eldiariodesanpedro.com.ar\/sitio\/wp-json\/wp\/v2\/categories?post=58748"},{"taxonomy":"post_tag","embeddable":true,"href":"https:\/\/eldiariodesanpedro.com.ar\/sitio\/wp-json\/wp\/v2\/tags?post=58748"}],"curies":[{"name":"wp","href":"https:\/\/api.w.org\/{rel}","templated":true}]}}