{"id":58745,"date":"2019-08-25T17:04:26","date_gmt":"2019-08-25T20:04:26","guid":{"rendered":"https:\/\/eldiariodesanpedro.com.ar\/sitio\/?p=58745"},"modified":"2019-08-25T17:04:31","modified_gmt":"2019-08-25T20:04:31","slug":"el-municipio-envio-carta-documento-a-vialidad-y-el-ministerio-de-transporte","status":"publish","type":"post","link":"https:\/\/eldiariodesanpedro.com.ar\/sitio\/el-municipio-envio-carta-documento-a-vialidad-y-el-ministerio-de-transporte\/","title":{"rendered":"El municipio envi\u00f3 carta documento a Vialidad y el Ministerio de Transporte"},"content":{"rendered":"<!-- VideographyWP Plugin Message: Automatic video embedding prevented by plugin options. -->\n\n<p>Ante la falta de respuestas por el deterioro que presenta la Ruta 1001, construida hace poco m\u00e1s de un a\u00f1o, el ejecutivo notific\u00f3 nuevamente a las partes para que se hagan cargo de las reparaci\u00f3n del camino.\u00a0<\/p>\n\n\n\n<p>Mediante una carta documento el Intendente Cecilio Salazar les hizo saber al Ministerio de Transporte y a Vialidad Nacional su malestar ante la falta de respuestas a los reclamos efectuados con anterioridad.<\/p>\n\n\n\n<p>La Ruta 1001 fue reparada a nuevo hace poco m\u00e1s de un a\u00f1o, la obra estuvo a cargo de la empresa Farall\u00f3n, quien a la vez subcontrat\u00f3 a la firma Iarsa, pero el camino a los pocos meses comenz\u00f3 a mostrar serios deterioros y en la actualidad presenta tramos intransitables.&nbsp;<\/p>\n\n\n\n<p>El propio Ministro Dietrich particip\u00f3 de la inauguraci\u00f3n de la obra muy esperada por los sampedrinos, pero lamentablemente la misma no se hizo como corresponde.<\/p>\n\n\n\n<p>Ante la falta de respuestas y el peligro que genera a quienes transitan a diario por el lugar, el municipio tom\u00f3 la decisi\u00f3n de reparar los tramos m\u00e1s rotos con maquinarias y personal propio pero se espera que en alg\u00fan momento, las autoridades de Vialidad y el Ministerio se hagan eco del reclamo y solucionen el inconveniente antes de que sea tarde.&nbsp;<\/p>\n\n\n\n<p>El tramo en cuesti\u00f3n es el que va desde la intersecci\u00f3n con la Ruta 9 hasta el ingreso al radio urbano, adem\u00e1s, la empresa Iarsa jam\u00e1s concluy\u00f3 con la obra de la Ruta 191 que era la continuaci\u00f3n de la 1001, donde adem\u00e1s de reparar el hormig\u00f3n deb\u00eda construir vanquinas y marcar la ruta, algo que nunca sucedi\u00f3.\u00a0<\/p>\n\n\n\n<p>Fuente: San Pedro Informa<\/p>\n\n\n\n<p><br><\/p>\n","protected":false},"excerpt":{"rendered":"<p>Ante la falta de respuestas por el deterioro que presenta la Ruta 1001, construida hace poco m\u00e1s de un a\u00f1o, el ejecutivo notific\u00f3 nuevamente a las partes para que se hagan cargo de las reparaci\u00f3n del camino.\u00a0 Mediante una carta documento el Intendente Cecilio Salazar les hizo saber al Ministerio de Transporte y a Vialidad [&hellip;]<\/p>\n","protected":false},"author":4,"featured_media":58746,"comment_status":"open","ping_status":"closed","sticky":false,"template":"","format":"standard","meta":{"om_disable_all_campaigns":false,"_jetpack_memberships_contains_paid_content":false,"footnotes":""},"categories":[101,2],"tags":[],"class_list":["post-58745","post","type-post","status-publish","format-standard","has-post-thumbnail","hentry","category-interes-general-locales","category-locales"],"aioseo_notices":[],"gutentor_comment":0,"jetpack_featured_media_url":"https:\/\/eldiariodesanpedro.com.ar\/sitio\/wp-content\/uploads\/2019\/08\/000079322.jpg","jetpack_shortlink":"https:\/\/wp.me\/p6RhLt-fhv","jetpack_sharing_enabled":true,"_links":{"self":[{"href":"https:\/\/eldiariodesanpedro.com.ar\/sitio\/wp-json\/wp\/v2\/posts\/58745","targetHints":{"allow":["GET"]}}],"collection":[{"href":"https:\/\/eldiariodesanpedro.com.ar\/sitio\/wp-json\/wp\/v2\/posts"}],"about":[{"href":"https:\/\/eldiariodesanpedro.com.ar\/sitio\/wp-json\/wp\/v2\/types\/post"}],"author":[{"embeddable":true,"href":"https:\/\/eldiariodesanpedro.com.ar\/sitio\/wp-json\/wp\/v2\/users\/4"}],"replies":[{"embeddable":true,"href":"https:\/\/eldiariodesanpedro.com.ar\/sitio\/wp-json\/wp\/v2\/comments?post=58745"}],"version-history":[{"count":1,"href":"https:\/\/eldiariodesanpedro.com.ar\/sitio\/wp-json\/wp\/v2\/posts\/58745\/revisions"}],"predecessor-version":[{"id":58747,"href":"https:\/\/eldiariodesanpedro.com.ar\/sitio\/wp-json\/wp\/v2\/posts\/58745\/revisions\/58747"}],"wp:featuredmedia":[{"embeddable":true,"href":"https:\/\/eldiariodesanpedro.com.ar\/sitio\/wp-json\/wp\/v2\/media\/58746"}],"wp:attachment":[{"href":"https:\/\/eldiariodesanpedro.com.ar\/sitio\/wp-json\/wp\/v2\/media?parent=58745"}],"wp:term":[{"taxonomy":"category","embeddable":true,"href":"https:\/\/eldiariodesanpedro.com.ar\/sitio\/wp-json\/wp\/v2\/categories?post=58745"},{"taxonomy":"post_tag","embeddable":true,"href":"https:\/\/eldiariodesanpedro.com.ar\/sitio\/wp-json\/wp\/v2\/tags?post=58745"}],"curies":[{"name":"wp","href":"https:\/\/api.w.org\/{rel}","templated":true}]}}