{"id":58741,"date":"2019-08-24T11:54:17","date_gmt":"2019-08-24T14:54:17","guid":{"rendered":"https:\/\/eldiariodesanpedro.com.ar\/sitio\/?p=58741"},"modified":"2019-08-24T11:54:21","modified_gmt":"2019-08-24T14:54:21","slug":"ramallo-programa-escuelas-monitoreadas","status":"publish","type":"post","link":"https:\/\/eldiariodesanpedro.com.ar\/sitio\/ramallo-programa-escuelas-monitoreadas\/","title":{"rendered":"RAMALLO: Programa escuelas monitoreadas"},"content":{"rendered":"<!-- VideographyWP Plugin Message: Automatic video embedding prevented by plugin options. -->\n\n<p>Contin\u00faa el Programa Escuelas Monitoreadas que implementa la Municipalidad de Ramallo y est\u00e1 proyectado para todos los Establecimientos Educativos del Partido.<\/p>\n\n\n\n<p>Consiste en la colocaci\u00f3n e interconexi\u00f3n de alarmas monitoreadas por el Centro de Monitoreo Municipal, a trav\u00e9s de mano de obra municipal.<\/p>\n\n\n\n<p>Esta vez fue el turno del Jard\u00edn N\u00b0908 \u201cNenina Dusso\u201d de la ciudad de Villa Ramallo.<\/p>\n\n\n\n<ul class=\"wp-block-gallery columns-1 is-cropped wp-block-gallery-1 is-layout-flex wp-block-gallery-is-layout-flex\"><li class=\"blocks-gallery-item\"><figure><img decoding=\"async\" width=\"800\" height=\"672\" data-attachment-id=\"58742\" data-permalink=\"https:\/\/eldiariodesanpedro.com.ar\/sitio\/ramallo-programa-escuelas-monitoreadas\/whatsapp-image-2019-08-22-at-16-44-12\/\" data-orig-file=\"https:\/\/eldiariodesanpedro.com.ar\/sitio\/wp-content\/uploads\/2019\/08\/WhatsApp-Image-2019-08-22-at-16.44.12.jpeg\" data-orig-size=\"800,672\" data-comments-opened=\"1\" data-image-meta=\"{&quot;aperture&quot;:&quot;0&quot;,&quot;credit&quot;:&quot;&quot;,&quot;camera&quot;:&quot;&quot;,&quot;caption&quot;:&quot;&quot;,&quot;created_timestamp&quot;:&quot;0&quot;,&quot;copyright&quot;:&quot;&quot;,&quot;focal_length&quot;:&quot;0&quot;,&quot;iso&quot;:&quot;0&quot;,&quot;shutter_speed&quot;:&quot;0&quot;,&quot;title&quot;:&quot;&quot;,&quot;orientation&quot;:&quot;0&quot;}\" data-image-title=\"WhatsApp-Image-2019-08-22-at-16.44.12\" data-image-description=\"\" data-image-caption=\"\" data-large-file=\"https:\/\/eldiariodesanpedro.com.ar\/sitio\/wp-content\/uploads\/2019\/08\/WhatsApp-Image-2019-08-22-at-16.44.12.jpeg\" data-src=\"https:\/\/eldiariodesanpedro.com.ar\/sitio\/wp-content\/uploads\/2019\/08\/WhatsApp-Image-2019-08-22-at-16.44.12.jpeg\" alt=\"\" data-id=\"58742\" data-link=\"https:\/\/eldiariodesanpedro.com.ar\/sitio\/?attachment_id=58742\" class=\"wp-image-58742 lazyload\" data-srcset=\"https:\/\/eldiariodesanpedro.com.ar\/sitio\/wp-content\/uploads\/2019\/08\/WhatsApp-Image-2019-08-22-at-16.44.12.jpeg 800w, https:\/\/eldiariodesanpedro.com.ar\/sitio\/wp-content\/uploads\/2019\/08\/WhatsApp-Image-2019-08-22-at-16.44.12-300x252.jpeg 300w, https:\/\/eldiariodesanpedro.com.ar\/sitio\/wp-content\/uploads\/2019\/08\/WhatsApp-Image-2019-08-22-at-16.44.12-768x645.jpeg 768w\" data-sizes=\"(max-width: 800px) 100vw, 800px\" src=\"data:image\/svg+xml;base64,PHN2ZyB3aWR0aD0iMSIgaGVpZ2h0PSIxIiB4bWxucz0iaHR0cDovL3d3dy53My5vcmcvMjAwMC9zdmciPjwvc3ZnPg==\" style=\"--smush-placeholder-width: 800px; --smush-placeholder-aspect-ratio: 800\/672;\" \/><\/figure><\/li><\/ul>\n\n\n\n<p>Adem\u00e1s los directivos de las Instituciones Educativas tendr\u00e1n en su celular el Sistema de Alerta Temprana (SAT) con lo cual la cobertura que realiza el municipio es las 24 hs de los 365 d\u00edas del a\u00f1o.<br><\/p>\n","protected":false},"excerpt":{"rendered":"<p>Contin\u00faa el Programa Escuelas Monitoreadas que implementa la Municipalidad de Ramallo y est\u00e1 proyectado para todos los Establecimientos Educativos del Partido. Consiste en la colocaci\u00f3n e interconexi\u00f3n de alarmas monitoreadas por el Centro de Monitoreo Municipal, a trav\u00e9s de mano de obra municipal. Esta vez fue el turno del Jard\u00edn N\u00b0908 \u201cNenina Dusso\u201d de la [&hellip;]<\/p>\n","protected":false},"author":4,"featured_media":58743,"comment_status":"open","ping_status":"closed","sticky":false,"template":"","format":"standard","meta":{"om_disable_all_campaigns":false,"_jetpack_memberships_contains_paid_content":false,"footnotes":""},"categories":[621],"tags":[],"class_list":["post-58741","post","type-post","status-publish","format-standard","has-post-thumbnail","hentry","category-regionales"],"aioseo_notices":[],"gutentor_comment":0,"jetpack_featured_media_url":"https:\/\/eldiariodesanpedro.com.ar\/sitio\/wp-content\/uploads\/2019\/08\/WhatsApp-Image-2019-05-30-at-15.11.03.jpeg","jetpack_shortlink":"https:\/\/wp.me\/p6RhLt-fhr","jetpack_sharing_enabled":true,"_links":{"self":[{"href":"https:\/\/eldiariodesanpedro.com.ar\/sitio\/wp-json\/wp\/v2\/posts\/58741","targetHints":{"allow":["GET"]}}],"collection":[{"href":"https:\/\/eldiariodesanpedro.com.ar\/sitio\/wp-json\/wp\/v2\/posts"}],"about":[{"href":"https:\/\/eldiariodesanpedro.com.ar\/sitio\/wp-json\/wp\/v2\/types\/post"}],"author":[{"embeddable":true,"href":"https:\/\/eldiariodesanpedro.com.ar\/sitio\/wp-json\/wp\/v2\/users\/4"}],"replies":[{"embeddable":true,"href":"https:\/\/eldiariodesanpedro.com.ar\/sitio\/wp-json\/wp\/v2\/comments?post=58741"}],"version-history":[{"count":1,"href":"https:\/\/eldiariodesanpedro.com.ar\/sitio\/wp-json\/wp\/v2\/posts\/58741\/revisions"}],"predecessor-version":[{"id":58744,"href":"https:\/\/eldiariodesanpedro.com.ar\/sitio\/wp-json\/wp\/v2\/posts\/58741\/revisions\/58744"}],"wp:featuredmedia":[{"embeddable":true,"href":"https:\/\/eldiariodesanpedro.com.ar\/sitio\/wp-json\/wp\/v2\/media\/58743"}],"wp:attachment":[{"href":"https:\/\/eldiariodesanpedro.com.ar\/sitio\/wp-json\/wp\/v2\/media?parent=58741"}],"wp:term":[{"taxonomy":"category","embeddable":true,"href":"https:\/\/eldiariodesanpedro.com.ar\/sitio\/wp-json\/wp\/v2\/categories?post=58741"},{"taxonomy":"post_tag","embeddable":true,"href":"https:\/\/eldiariodesanpedro.com.ar\/sitio\/wp-json\/wp\/v2\/tags?post=58741"}],"curies":[{"name":"wp","href":"https:\/\/api.w.org\/{rel}","templated":true}]}}