{"id":58738,"date":"2019-08-24T11:46:43","date_gmt":"2019-08-24T14:46:43","guid":{"rendered":"https:\/\/eldiariodesanpedro.com.ar\/sitio\/?p=58738"},"modified":"2019-08-24T11:46:47","modified_gmt":"2019-08-24T14:46:47","slug":"san-nicolas-otorgan-alivio-a-vendedores-ambulantes","status":"publish","type":"post","link":"https:\/\/eldiariodesanpedro.com.ar\/sitio\/san-nicolas-otorgan-alivio-a-vendedores-ambulantes\/","title":{"rendered":"SAN NICOLAS: Otorgan alivio a vendedores ambulantes"},"content":{"rendered":"<!-- VideographyWP Plugin Message: Automatic video embedding prevented by plugin options. -->\n\n<p> En dos iniciativas legislativas que hab\u00edan sido remitidas al Honorable Concejo Deliberante, el Departamento Ejecutivo Municipal reconoci\u00f3 el \u201cdif\u00edcil momento econ\u00f3mico\u201d que impera en el pa\u00eds. <\/p>\n\n\n\n<p>Fue a prop\u00f3sito de dos proyectos que buscaban dar alivio al sector de la venta ambulante. Ambos proyectos fueron aprobados este jueves e implican por un lado la condonaci\u00f3n de deuda por algo m\u00e1s de $82 mil a un total de 72 miembros de la Asociaci\u00f3n del Vendedores Ambulantes Nicole\u00f1os (AVAN) y, por el otro, una reducci\u00f3n del 23% en la tasa que los comerciantes sin puestos fijos tributan al municipio para poder desarrollar su actividad.\u00a0<\/p>\n\n\n\n<p>La reducci\u00f3n en el valor de la tasa municipal de \u00abDerecho por Venta Ambulante\u00bb se materializar\u00e1 (una vez promulgada la correspondiente ordenanza) a trav\u00e9s de una modificaci\u00f3n en el apartado primero del Art\u00edculo 37 de la Ordenanza Tarifaria del a\u00f1o en curso. Seg\u00fan se indica en el texto del propio proyecto, la medida se fundamenta \u00aben la necesidad de aplicar a nuestro entender, el principio de realidad econ\u00f3mica y mantener el mismo criterio que se aplicaba en los ejercicios fiscales anteriores\u00bb.<\/p>\n\n\n\n<p> Y argumentaron desde el Palacio Municipal: \u00abEs innegable la dif\u00edcil situaci\u00f3n por la que atraviesan los vendedores ambulantes, como consecuencia directa de una ca\u00edda de la actividad en el ramo (\u2026). En este estado, consideramos primordial garantizar la continuidad de las fuentes de trabajo\u00bb.\u00a0<\/p>\n\n\n\n<p><strong>Condonados\u00a0<br><\/strong>En tanto, la condonaci\u00f3n global por $82.573,15 alcanza a santeros y vendedores de flores, art\u00edculos regionales, bijouterie, art\u00edculos recordatorios y golosinas, y abarca al per\u00edodo comprendido entre enero y julio de este a\u00f1o. \u00abSin menoscabar los recursos municipales, se estima conveniente proceder a la condonaci\u00f3n de parte de la deuda de Derecho por Venta Ambulante que mantiene la Asociaci\u00f3n de Vendedores Ambulantes Nicole\u00f1os (AVAN) con el municipio por los periodos 01 a 07 del 2019. Ante la dif\u00edcil situaci\u00f3n por la que atraviesan los vendedores ambulantes, como consecuencia directa de una ca\u00edda de la actividad en el ramo y ante el notable esfuerzo por abonar el precitado Derecho se ha revisado y estudiado el tema, creyendo conveniente la condonaci\u00f3n de la deuda. En este estado, consideramos primordial garantizar la continuidad de las fuentes de trabajo\u00bb, argumentaron los redactores de la iniciativa que este jueves se aprob\u00f3 por unanimidad.\u00a0 <\/p>\n\n\n\n<p>Fuente: diario El Norte<\/p>\n","protected":false},"excerpt":{"rendered":"<p>En dos iniciativas legislativas que hab\u00edan sido remitidas al Honorable Concejo Deliberante, el Departamento Ejecutivo Municipal reconoci\u00f3 el \u201cdif\u00edcil momento econ\u00f3mico\u201d que impera en el pa\u00eds. Fue a prop\u00f3sito de dos proyectos que buscaban dar alivio al sector de la venta ambulante. Ambos proyectos fueron aprobados este jueves e implican por un lado la condonaci\u00f3n [&hellip;]<\/p>\n","protected":false},"author":4,"featured_media":58739,"comment_status":"open","ping_status":"closed","sticky":false,"template":"","format":"standard","meta":{"om_disable_all_campaigns":false,"_jetpack_memberships_contains_paid_content":false,"footnotes":""},"categories":[621],"tags":[],"class_list":["post-58738","post","type-post","status-publish","format-standard","has-post-thumbnail","hentry","category-regionales"],"aioseo_notices":[],"gutentor_comment":0,"jetpack_featured_media_url":"https:\/\/eldiariodesanpedro.com.ar\/sitio\/wp-content\/uploads\/2019\/08\/0-1-1.jpg","jetpack_shortlink":"https:\/\/wp.me\/p6RhLt-fho","jetpack_sharing_enabled":true,"_links":{"self":[{"href":"https:\/\/eldiariodesanpedro.com.ar\/sitio\/wp-json\/wp\/v2\/posts\/58738","targetHints":{"allow":["GET"]}}],"collection":[{"href":"https:\/\/eldiariodesanpedro.com.ar\/sitio\/wp-json\/wp\/v2\/posts"}],"about":[{"href":"https:\/\/eldiariodesanpedro.com.ar\/sitio\/wp-json\/wp\/v2\/types\/post"}],"author":[{"embeddable":true,"href":"https:\/\/eldiariodesanpedro.com.ar\/sitio\/wp-json\/wp\/v2\/users\/4"}],"replies":[{"embeddable":true,"href":"https:\/\/eldiariodesanpedro.com.ar\/sitio\/wp-json\/wp\/v2\/comments?post=58738"}],"version-history":[{"count":1,"href":"https:\/\/eldiariodesanpedro.com.ar\/sitio\/wp-json\/wp\/v2\/posts\/58738\/revisions"}],"predecessor-version":[{"id":58740,"href":"https:\/\/eldiariodesanpedro.com.ar\/sitio\/wp-json\/wp\/v2\/posts\/58738\/revisions\/58740"}],"wp:featuredmedia":[{"embeddable":true,"href":"https:\/\/eldiariodesanpedro.com.ar\/sitio\/wp-json\/wp\/v2\/media\/58739"}],"wp:attachment":[{"href":"https:\/\/eldiariodesanpedro.com.ar\/sitio\/wp-json\/wp\/v2\/media?parent=58738"}],"wp:term":[{"taxonomy":"category","embeddable":true,"href":"https:\/\/eldiariodesanpedro.com.ar\/sitio\/wp-json\/wp\/v2\/categories?post=58738"},{"taxonomy":"post_tag","embeddable":true,"href":"https:\/\/eldiariodesanpedro.com.ar\/sitio\/wp-json\/wp\/v2\/tags?post=58738"}],"curies":[{"name":"wp","href":"https:\/\/api.w.org\/{rel}","templated":true}]}}