{"id":58734,"date":"2019-08-24T11:37:06","date_gmt":"2019-08-24T14:37:06","guid":{"rendered":"https:\/\/eldiariodesanpedro.com.ar\/sitio\/?p=58734"},"modified":"2019-08-24T11:37:11","modified_gmt":"2019-08-24T14:37:11","slug":"san-nicolas-secuestran-armas-y-cocaina-en-el-ex-zoologico-de-campos-salles","status":"publish","type":"post","link":"https:\/\/eldiariodesanpedro.com.ar\/sitio\/san-nicolas-secuestran-armas-y-cocaina-en-el-ex-zoologico-de-campos-salles\/","title":{"rendered":"SAN NICOLAS: Secuestran armas y coca\u00edna en el ex zool\u00f3gico de Campos Salles"},"content":{"rendered":"<!-- VideographyWP Plugin Message: Automatic video embedding prevented by plugin options. -->\n\n<p>Fue a partir de una serie de robos contra la propiedad cometidos en zona sur que efectivos del gabinete criminol\u00f3gico de la Comisar\u00eda Segunda, abocado a la investigaci\u00f3n de estos hechos, pudo determinar la existencia de una finca, en la cual a\u00f1os atr\u00e1s funcionara un zool\u00f3gico, ubicada en la zona de la localidad de Campo Salles, donde aparentemente se reducir\u00edan elementos de procedencia il\u00edcita y as\u00ed tambi\u00e9n la posible comercializaci\u00f3n de estupefacientes, estim\u00e1ndose adem\u00e1s que los moradores del lugar podr\u00edan adquirir los elementos productos de robos, con coca\u00edna y\/o marihuana.<\/p>\n\n\n\n<p>Reunidos los elementos probatorios al respecto y aportados los mismos a los organismos judiciales pertinentes, la justicia nicole\u00f1a otorg\u00f3 una orden de allanamiento para el lugar se\u00f1alado la cual se cumpliment\u00f3 por parte del personal de la Polic\u00eda de la Provincia de Buenos Aires en horas de la tarde de este jueves. Al momento de la irrupci\u00f3n se constat\u00f3 en dicho predio la presencia de una mujer y cinco hombres, todos ellos mayores de edad. Una vez asegurado el lugar se procedi\u00f3 al secuestro de un metegol de color blanco sustra\u00eddo d\u00edas atr\u00e1s junto a otros elementos en una quinta ubicada en el barrio Parque Avamba\u2019e.<\/p>\n\n\n\n<p>Tambi\u00e9n secuestraron una Play Station 3 de color negro y una bicicleta todo terreno color azul Marca Vairo rodado 29 sustra\u00eddos de un domicilio de barrio Virgen del Luj\u00e1n; una m\u00e1quina soldadora Marca Gamma Turbo 150 color azul y Smart tv 42&#8243; marca Phillips que fueran robados en la localidad de General Rojo.<\/p>\n\n\n\n<p><strong>Armas y coca\u00edna<\/strong><\/p>\n\n\n\n<p>As\u00ed tambi\u00e9n se incaut\u00f3 un Rev\u00f3lver Calibre 22 corto Marca Bagual, una escopeta Cal. 16 de 2 ca\u00f1os yuxtapuestos, sin numeraci\u00f3n ni marca visible, municiones de distintos calibres, dos cuchillos, once tel\u00e9fonos celulares de distintas marcas y distintas compa\u00f1\u00edas telef\u00f3nicas, coca\u00edna fraccionada en 2 envoltorios y dos piedras de la misma sustancia por un pesaje total de188 grs.; 2 baguyos de marihuana fraccionada en envoltorios con un pesaje 15,3 grs, 6 macetas con 9 plantines de marihuana; una pistolera, un cargador de bater\u00edas color naranja marca Gardenpro GP, una m\u00e1quina de picar carne Marca IRIS, un compresor color azul Marca Bata, una bicicleta todo terreno color Blanca y Gris Marca Unibike, una Notbook Marca BGH, un equipo de m\u00fasica Marca LG, una potencia de auto marca Boss, un parlante boofer de auto marca B52, varias herramientas, una motocicleta Marca Motomel 110 color rojo con numeraci\u00f3n de motor suprimida, elementos estos \u00faltimos de los cuales no acreditaron ninguno de los aprehendidos su procedencia por lo que se contin\u00faa la investigaci\u00f3n con el fin de determinar, si al igual que los anteriores, son producto de robos cometidos.<\/p>\n\n\n\n<p>Las actuaciones judiciales sustanciadas son por los delitos de \u201cComercializaci\u00f3n de estupefacientes, robos reiterados, tenencia ilegal de armas de uso civil, supresi\u00f3n de la numeraci\u00f3n registral y averiguaci\u00f3n de procedencia\u201d. <\/p>\n\n\n\n<p>Los detenidos citados en horas de la ma\u00f1ana de ayer debieron comparecer a sede judicial a prestar declaraci\u00f3n ante las autoridades que intervienen en la causa. <\/p>\n\n\n\n<p>Fuente: Diario El Norte<\/p>\n","protected":false},"excerpt":{"rendered":"<p>Fue a partir de una serie de robos contra la propiedad cometidos en zona sur que efectivos del gabinete criminol\u00f3gico de la Comisar\u00eda Segunda, abocado a la investigaci\u00f3n de estos hechos, pudo determinar la existencia de una finca, en la cual a\u00f1os atr\u00e1s funcionara un zool\u00f3gico, ubicada en la zona de la localidad de Campo [&hellip;]<\/p>\n","protected":false},"author":4,"featured_media":58735,"comment_status":"open","ping_status":"closed","sticky":false,"template":"","format":"standard","meta":{"om_disable_all_campaigns":false,"_jetpack_memberships_contains_paid_content":false,"footnotes":""},"categories":[621],"tags":[],"class_list":["post-58734","post","type-post","status-publish","format-standard","has-post-thumbnail","hentry","category-regionales"],"aioseo_notices":[],"gutentor_comment":0,"jetpack_featured_media_url":"https:\/\/eldiariodesanpedro.com.ar\/sitio\/wp-content\/uploads\/2019\/08\/0-9.jpg","jetpack_shortlink":"https:\/\/wp.me\/p6RhLt-fhk","jetpack_sharing_enabled":true,"_links":{"self":[{"href":"https:\/\/eldiariodesanpedro.com.ar\/sitio\/wp-json\/wp\/v2\/posts\/58734","targetHints":{"allow":["GET"]}}],"collection":[{"href":"https:\/\/eldiariodesanpedro.com.ar\/sitio\/wp-json\/wp\/v2\/posts"}],"about":[{"href":"https:\/\/eldiariodesanpedro.com.ar\/sitio\/wp-json\/wp\/v2\/types\/post"}],"author":[{"embeddable":true,"href":"https:\/\/eldiariodesanpedro.com.ar\/sitio\/wp-json\/wp\/v2\/users\/4"}],"replies":[{"embeddable":true,"href":"https:\/\/eldiariodesanpedro.com.ar\/sitio\/wp-json\/wp\/v2\/comments?post=58734"}],"version-history":[{"count":1,"href":"https:\/\/eldiariodesanpedro.com.ar\/sitio\/wp-json\/wp\/v2\/posts\/58734\/revisions"}],"predecessor-version":[{"id":58736,"href":"https:\/\/eldiariodesanpedro.com.ar\/sitio\/wp-json\/wp\/v2\/posts\/58734\/revisions\/58736"}],"wp:featuredmedia":[{"embeddable":true,"href":"https:\/\/eldiariodesanpedro.com.ar\/sitio\/wp-json\/wp\/v2\/media\/58735"}],"wp:attachment":[{"href":"https:\/\/eldiariodesanpedro.com.ar\/sitio\/wp-json\/wp\/v2\/media?parent=58734"}],"wp:term":[{"taxonomy":"category","embeddable":true,"href":"https:\/\/eldiariodesanpedro.com.ar\/sitio\/wp-json\/wp\/v2\/categories?post=58734"},{"taxonomy":"post_tag","embeddable":true,"href":"https:\/\/eldiariodesanpedro.com.ar\/sitio\/wp-json\/wp\/v2\/tags?post=58734"}],"curies":[{"name":"wp","href":"https:\/\/api.w.org\/{rel}","templated":true}]}}