{"id":58729,"date":"2019-08-24T11:11:12","date_gmt":"2019-08-24T14:11:12","guid":{"rendered":"https:\/\/eldiariodesanpedro.com.ar\/sitio\/?p=58729"},"modified":"2019-08-24T11:11:37","modified_gmt":"2019-08-24T14:11:37","slug":"maltrato-animal-encontraron-mas-de-400-caballos-desnutridos-y-25-muertos-en-un-campo-en-ezeiza","status":"publish","type":"post","link":"https:\/\/eldiariodesanpedro.com.ar\/sitio\/maltrato-animal-encontraron-mas-de-400-caballos-desnutridos-y-25-muertos-en-un-campo-en-ezeiza\/","title":{"rendered":"Maltrato animal: encontraron m\u00e1s de 400 caballos desnutridos y 25 muertos en un campo en Ezeiza"},"content":{"rendered":"<!-- VideographyWP Plugin Message: Automatic video embedding prevented by plugin options. -->\n\n<p> Estaban en un predio de 460 hect\u00e1reas que fue allanado por la Bonaerense tras la denuncia de una ONG. Investigan la procedencia de los equinos y rastrillan otras propiedades. IM\u00c1GENES SENSIBLES<\/p>\n\n\n\n<p>420 caballos, la mayor\u00eda\u00a0con signos de desnutrici\u00f3n, fueron rescatados en las \u00faltimas horas de un campo de Ezeiza\u00a0luego de un operativo realizado por efectivos de la Polic\u00eda Bonaerense que iniciaron una investigaci\u00f3n tras el aviso\u00a0de una ONG que lleg\u00f3 al ministro de Seguridad\u00a0provincial,\u00a0Cristian Ritondo.\u00a0Otros 25 equinos fueron encontrados muertos.\u00a0<\/p>\n\n\n\n<p>El operativo se llev\u00f3 a cabo en\u00a0un establecimiento de 460 hect\u00e1reas\u00a0ubicado a la vera de la Ruta Provincial 52, a la altura de la localidad de Trist\u00e1n Su\u00e1rez, donde los efectivos tambi\u00e9n\u00a0hallaron 25 equinos muertos.<\/p>\n\n\n\n<p>Los procedimientos estuviero<strong>n a cargo&nbsp;de efectivos de la Superintendencia de Seguridad Rural<\/strong>, con la colaboraci\u00f3n de diferentes Comandos de Prevenci\u00f3n Rural (CPR) de la zona, el Escuadr\u00f3n de Caballer\u00eda de La Matanza y la Direcci\u00f3n de Veterinaria de esta Polic\u00eda.<\/p>\n\n\n\n<p>Tras el allanamiento fueron demorados los propietarios del campo, un empresario relacionado al rubro y su hijo.<\/p>\n\n\n\n<p>La investigaci\u00f3n comenz\u00f3 luego de que una ONG que lucha contra el maltrato animal denunciara que\u00a0en un campo se encontraban varios caballos de diferentes razas en deplorable estado y algunos de ellos sin vida.<\/p>\n\n\n\n<ul class=\"wp-block-gallery columns-1 is-cropped wp-block-gallery-1 is-layout-flex wp-block-gallery-is-layout-flex\"><li class=\"blocks-gallery-item\"><figure><img decoding=\"async\" width=\"750\" height=\"422\" data-attachment-id=\"58730\" data-permalink=\"https:\/\/eldiariodesanpedro.com.ar\/sitio\/maltrato-animal-encontraron-mas-de-400-caballos-desnutridos-y-25-muertos-en-un-campo-en-ezeiza\/rescate-caballo-en-ezeiza-2\/\" data-orig-file=\"https:\/\/eldiariodesanpedro.com.ar\/sitio\/wp-content\/uploads\/2019\/08\/Rescate-caballo-en-Ezeiza-2.jpg\" data-orig-size=\"750,422\" data-comments-opened=\"1\" data-image-meta=\"{&quot;aperture&quot;:&quot;0&quot;,&quot;credit&quot;:&quot;&quot;,&quot;camera&quot;:&quot;&quot;,&quot;caption&quot;:&quot;&quot;,&quot;created_timestamp&quot;:&quot;0&quot;,&quot;copyright&quot;:&quot;&quot;,&quot;focal_length&quot;:&quot;0&quot;,&quot;iso&quot;:&quot;0&quot;,&quot;shutter_speed&quot;:&quot;0&quot;,&quot;title&quot;:&quot;&quot;,&quot;orientation&quot;:&quot;0&quot;}\" data-image-title=\"Rescate-caballo-en-Ezeiza-2\" data-image-description=\"\" data-image-caption=\"\" data-large-file=\"https:\/\/eldiariodesanpedro.com.ar\/sitio\/wp-content\/uploads\/2019\/08\/Rescate-caballo-en-Ezeiza-2.jpg\" data-src=\"https:\/\/eldiariodesanpedro.com.ar\/sitio\/wp-content\/uploads\/2019\/08\/Rescate-caballo-en-Ezeiza-2.jpg\" alt=\"\" data-id=\"58730\" data-link=\"https:\/\/eldiariodesanpedro.com.ar\/sitio\/?attachment_id=58730\" class=\"wp-image-58730 lazyload\" data-srcset=\"https:\/\/eldiariodesanpedro.com.ar\/sitio\/wp-content\/uploads\/2019\/08\/Rescate-caballo-en-Ezeiza-2.jpg 750w, https:\/\/eldiariodesanpedro.com.ar\/sitio\/wp-content\/uploads\/2019\/08\/Rescate-caballo-en-Ezeiza-2-300x169.jpg 300w\" data-sizes=\"(max-width: 750px) 100vw, 750px\" src=\"data:image\/svg+xml;base64,PHN2ZyB3aWR0aD0iMSIgaGVpZ2h0PSIxIiB4bWxucz0iaHR0cDovL3d3dy53My5vcmcvMjAwMC9zdmciPjwvc3ZnPg==\" style=\"--smush-placeholder-width: 750px; --smush-placeholder-aspect-ratio: 750\/422;\" \/><\/figure><\/li><\/ul>\n\n\n\n<p>Tras esa intervenci\u00f3n, la fiscal\u00a0Mar\u00eda Eugenia Garrido, integrante de la UFI N\u00b0 1 descentralizada de Ezeiza, orden\u00f3\u00a0allanar al establecimiento en el que encontraron\u00a0a los animales en mal estado de salud.<\/p>\n\n\n\n<p>Por otro lado, personal policial, integrantes de diferentes ONG y Bomberos Voluntarios de Trist\u00e1n Su\u00e1rez\u00a0trabajan en el lugar para asistir a los equinos que se encuentran en malas condiciones de vida.<\/p>\n\n\n\n<p>En tanto, se intenta establecer\u00a0la procedencia de la totalidad de los caballos que se encuentran en el lugar y se rastrillan campos lindantes\u00a0para intentar dar con otras tropillas que sean propiedad de los imputados.<\/p>\n\n\n\n<p>Adem\u00e1s, integrantes del\u00a0Servicio Nacional de Sanidad y Calidad Agroalimentaria (SENASA) de la zona determinaron que el predio no posee habilitaci\u00f3n sanitaria\u00a0para el alojamiento y cr\u00eda de animales.<\/p>\n\n\n\n<p>FUENTE: INFOBAE<\/p>\n","protected":false},"excerpt":{"rendered":"<p>Estaban en un predio de 460 hect\u00e1reas que fue allanado por la Bonaerense tras la denuncia de una ONG. Investigan la procedencia de los equinos y rastrillan otras propiedades. IM\u00c1GENES SENSIBLES 420 caballos, la mayor\u00eda\u00a0con signos de desnutrici\u00f3n, fueron rescatados en las \u00faltimas horas de un campo de Ezeiza\u00a0luego de un operativo realizado por efectivos [&hellip;]<\/p>\n","protected":false},"author":4,"featured_media":58731,"comment_status":"open","ping_status":"closed","sticky":false,"template":"","format":"standard","meta":{"om_disable_all_campaigns":false,"_jetpack_memberships_contains_paid_content":false,"footnotes":""},"categories":[621],"tags":[],"class_list":["post-58729","post","type-post","status-publish","format-standard","has-post-thumbnail","hentry","category-regionales"],"aioseo_notices":[],"gutentor_comment":0,"jetpack_featured_media_url":"https:\/\/eldiariodesanpedro.com.ar\/sitio\/wp-content\/uploads\/2019\/08\/Rescate-caballo-en-Ezeiza-1.jpg","jetpack_shortlink":"https:\/\/wp.me\/p6RhLt-fhf","jetpack_sharing_enabled":true,"_links":{"self":[{"href":"https:\/\/eldiariodesanpedro.com.ar\/sitio\/wp-json\/wp\/v2\/posts\/58729","targetHints":{"allow":["GET"]}}],"collection":[{"href":"https:\/\/eldiariodesanpedro.com.ar\/sitio\/wp-json\/wp\/v2\/posts"}],"about":[{"href":"https:\/\/eldiariodesanpedro.com.ar\/sitio\/wp-json\/wp\/v2\/types\/post"}],"author":[{"embeddable":true,"href":"https:\/\/eldiariodesanpedro.com.ar\/sitio\/wp-json\/wp\/v2\/users\/4"}],"replies":[{"embeddable":true,"href":"https:\/\/eldiariodesanpedro.com.ar\/sitio\/wp-json\/wp\/v2\/comments?post=58729"}],"version-history":[{"count":2,"href":"https:\/\/eldiariodesanpedro.com.ar\/sitio\/wp-json\/wp\/v2\/posts\/58729\/revisions"}],"predecessor-version":[{"id":58733,"href":"https:\/\/eldiariodesanpedro.com.ar\/sitio\/wp-json\/wp\/v2\/posts\/58729\/revisions\/58733"}],"wp:featuredmedia":[{"embeddable":true,"href":"https:\/\/eldiariodesanpedro.com.ar\/sitio\/wp-json\/wp\/v2\/media\/58731"}],"wp:attachment":[{"href":"https:\/\/eldiariodesanpedro.com.ar\/sitio\/wp-json\/wp\/v2\/media?parent=58729"}],"wp:term":[{"taxonomy":"category","embeddable":true,"href":"https:\/\/eldiariodesanpedro.com.ar\/sitio\/wp-json\/wp\/v2\/categories?post=58729"},{"taxonomy":"post_tag","embeddable":true,"href":"https:\/\/eldiariodesanpedro.com.ar\/sitio\/wp-json\/wp\/v2\/tags?post=58729"}],"curies":[{"name":"wp","href":"https:\/\/api.w.org\/{rel}","templated":true}]}}