{"id":58726,"date":"2019-08-24T10:38:38","date_gmt":"2019-08-24T13:38:38","guid":{"rendered":"https:\/\/eldiariodesanpedro.com.ar\/sitio\/?p=58726"},"modified":"2019-08-24T10:38:42","modified_gmt":"2019-08-24T13:38:42","slug":"campana-un-hombre-se-encadeno-en-la-plaza-eduardo-costa-pidiendo-trabajo","status":"publish","type":"post","link":"https:\/\/eldiariodesanpedro.com.ar\/sitio\/campana-un-hombre-se-encadeno-en-la-plaza-eduardo-costa-pidiendo-trabajo\/","title":{"rendered":"CAMPANA: Un hombre se encaden\u00f3 en la Plaza Eduardo Costa pidiendo trabajo"},"content":{"rendered":"<!-- VideographyWP Plugin Message: Automatic video embedding prevented by plugin options. -->\n\n<p> \u201cComer como porque me quiere un mont\u00f3n de gente\u201d asegura quien junto a su mujer, no consigue empleo formal desde hace cuatro a\u00f1os. El vecino de nacionalidad chilena vive en Campana desde hace m\u00e1s de 40 a\u00f1os.<\/p>\n\n\n\n<p>\n\nUn hombre se encaden\u00f3 a una farola de la Plaza Eduardo Costa, buscando que su reclamo sea escuchado. Pide trabajo.<\/p>\n\n\n\n<p>El vecino de nacionalidad chilena, radica en Campana desde hace m\u00e1s de 40 a\u00f1os. Junto a su mujer, seg\u00fan se\u00f1al\u00f3, no consigue empleo desde hace cuatro a\u00f1os. Especializado en tareas de la construcci\u00f3n, asegura que las empresas le dan la espalda por tener antecedentes.<\/p>\n\n\n\n<p>\u201cMe dedico al montaje el\u00e9ctrico y todo lo que tenga que ver con la construcci\u00f3n. No quiero ganar mucho dinero. Quiero trabajar para ganar lo justo, y poder comer\u201d asegura y cuenta a quien le pregunta por su situaci\u00f3n, al pasar frente al Municipio.<\/p>\n\n\n\n<p>Tambi\u00e9n destaca al titular de la UOCRA Campana, Oscar Villarreal: \u201cfue el \u00fanico que me ayud\u00f3. Pero las empresas te dan la espalda por un error que tuve, y nunca m\u00e1s volv\u00ed a cometer ni quiero hacerlo. Quiero trabajar, y estoy indignado. Porque yo tendr\u00eda que estar trabajando en la termoel\u00e9ctrica que se va a hacer, y no pasa nada\u201d sostuvo.<\/p>\n\n\n\n<p>Junto a \u00e9l, varios carteles hechos a mano dan cuenta de su situaci\u00f3n. \u201cComer como porque me quiere un mont\u00f3n de gente\u201d explica quien adem\u00e1s tiene hijos estudiando, y por quienes se compromete a no bajar los brazos. \u201cMis hijos me piden plata para comprar un libro, y no puedo ayudarlos. Necesitamos trabajar, tanto mi mujer como yo. Un taller, una obra, lo que sea. Pero no podemos esperar m\u00e1s as\u00ed\u201d concluy\u00f3 el vecino de La Josefa.<\/p>\n\n\n\n<p>El Secretario de Producci\u00f3n, Empleo y Turismo, Fabio Hern\u00e1ndez, se acerc\u00f3 y dialog\u00f3 con el vecino junto al Comisario Pablo Pujol. Quien desee comunicarse para colaborar, puede hacerlo al 15687748, o en Francisco Fern\u00e1ndez 1488 del B\u00b0 La Josefa.\n\n<\/p>\n\n\n\n<p><br><\/p>\n","protected":false},"excerpt":{"rendered":"<p>\u201cComer como porque me quiere un mont\u00f3n de gente\u201d asegura quien junto a su mujer, no consigue empleo formal desde hace cuatro a\u00f1os. El vecino de nacionalidad chilena vive en Campana desde hace m\u00e1s de 40 a\u00f1os. Un hombre se encaden\u00f3 a una farola de la Plaza Eduardo Costa, buscando que su reclamo sea escuchado. [&hellip;]<\/p>\n","protected":false},"author":4,"featured_media":58727,"comment_status":"open","ping_status":"closed","sticky":false,"template":"","format":"standard","meta":{"om_disable_all_campaigns":false,"_jetpack_memberships_contains_paid_content":false,"footnotes":""},"categories":[621],"tags":[],"class_list":["post-58726","post","type-post","status-publish","format-standard","has-post-thumbnail","hentry","category-regionales"],"aioseo_notices":[],"gutentor_comment":0,"jetpack_featured_media_url":"https:\/\/eldiariodesanpedro.com.ar\/sitio\/wp-content\/uploads\/2019\/08\/20190823070857.jpg","jetpack_shortlink":"https:\/\/wp.me\/p6RhLt-fhc","jetpack_sharing_enabled":true,"_links":{"self":[{"href":"https:\/\/eldiariodesanpedro.com.ar\/sitio\/wp-json\/wp\/v2\/posts\/58726","targetHints":{"allow":["GET"]}}],"collection":[{"href":"https:\/\/eldiariodesanpedro.com.ar\/sitio\/wp-json\/wp\/v2\/posts"}],"about":[{"href":"https:\/\/eldiariodesanpedro.com.ar\/sitio\/wp-json\/wp\/v2\/types\/post"}],"author":[{"embeddable":true,"href":"https:\/\/eldiariodesanpedro.com.ar\/sitio\/wp-json\/wp\/v2\/users\/4"}],"replies":[{"embeddable":true,"href":"https:\/\/eldiariodesanpedro.com.ar\/sitio\/wp-json\/wp\/v2\/comments?post=58726"}],"version-history":[{"count":1,"href":"https:\/\/eldiariodesanpedro.com.ar\/sitio\/wp-json\/wp\/v2\/posts\/58726\/revisions"}],"predecessor-version":[{"id":58728,"href":"https:\/\/eldiariodesanpedro.com.ar\/sitio\/wp-json\/wp\/v2\/posts\/58726\/revisions\/58728"}],"wp:featuredmedia":[{"embeddable":true,"href":"https:\/\/eldiariodesanpedro.com.ar\/sitio\/wp-json\/wp\/v2\/media\/58727"}],"wp:attachment":[{"href":"https:\/\/eldiariodesanpedro.com.ar\/sitio\/wp-json\/wp\/v2\/media?parent=58726"}],"wp:term":[{"taxonomy":"category","embeddable":true,"href":"https:\/\/eldiariodesanpedro.com.ar\/sitio\/wp-json\/wp\/v2\/categories?post=58726"},{"taxonomy":"post_tag","embeddable":true,"href":"https:\/\/eldiariodesanpedro.com.ar\/sitio\/wp-json\/wp\/v2\/tags?post=58726"}],"curies":[{"name":"wp","href":"https:\/\/api.w.org\/{rel}","templated":true}]}}