{"id":58723,"date":"2019-08-24T10:32:10","date_gmt":"2019-08-24T13:32:10","guid":{"rendered":"https:\/\/eldiariodesanpedro.com.ar\/sitio\/?p=58723"},"modified":"2019-08-24T10:32:15","modified_gmt":"2019-08-24T13:32:15","slug":"campana-gano-el-concurso-mi-ciudadnueva-york-y-disfruto-su-beca-de-inmersion-cultural","status":"publish","type":"post","link":"https:\/\/eldiariodesanpedro.com.ar\/sitio\/campana-gano-el-concurso-mi-ciudadnueva-york-y-disfruto-su-beca-de-inmersion-cultural\/","title":{"rendered":"CAMPANA: Gan\u00f3 el concurso \u201cMi Ciudad+Nueva York\u201d y disfrut\u00f3 su beca de inmersi\u00f3n cultural"},"content":{"rendered":"<!-- VideographyWP Plugin Message: Automatic video embedding prevented by plugin options. -->\n\n<p> Oriana Di Yorio, estudiante de la Escuela de Arte \u201cRicardo Carpani\u201d de Campana, pas\u00f3 una semana recorriendo los m\u00e1s famosos museos y galer\u00edas de arte de la escena cultural neoyorquina. El certamen fue organizado por Fundaci\u00f3n PROA y United Airlines, con el apoyo de Tenaris.<\/p>\n\n\n\n<p>\n\nLa estudiante ganadora del concurso art\u00edstico \u201cMi Ciudad + Nueva York\u201d, que Fundaci\u00f3n PROA y United Airlines, con el apoyo de Tenaris, organizaron en la Escuela de Arte \u201cRicardo Carpani\u201d de Campana, disfrut\u00f3 una semana recorriendo lo m\u00e1s destacado de la escena cultural neoyorkina.<\/p>\n\n\n\n<p>En junio, gracias a su obra \u201cCultura y Modernidad\u201d, Oriana Di Yorio obtuvo el primer premio del concurso, una beca de inmersi\u00f3n cultural en Nueva York con todos los gastos incluidos. Y a principios de este mes, la joven vecina zarate\u00f1a se uni\u00f3 a las otras dos ganadoras de San Nicol\u00e1s y Neuqu\u00e9n para vivir un viaje so\u00f1ado.<\/p>\n\n\n\n<p>\u201cPudimos recorrer un mont\u00f3n de museos y galer\u00edas de arte: fue incre\u00edble poder tener delante obras que alguna vez vi en una fotocopia de la facultad o en la pantalla chiquita del celular\u201d, asegur\u00f3 Oriana.<\/p>\n\n\n\n<p>\u201cDe todo lo que visitamos, me quedo con el enorme Museo de Arte Metropolitano, la obra arquitect\u00f3nica The Vessel y el Central Park, un lugar s\u00faper relajante que siempre nos permit\u00eda recargar pilas para las recorridas de la jornada siguiente\u201d, cont\u00f3.<\/p>\n\n\n\n<p>Oriana adem\u00e1s pudo adquirir libros de arte y dise\u00f1o que le servir\u00e1n para complementar su formaci\u00f3n en Dise\u00f1o Gr\u00e1fico, carrera que cursa en la Escuela de Arte de Campana.<\/p>\n\n\n\n<p>Las tres estudiantes estuvieron acompa\u00f1adas durante todo el viaje por el especialista en arte e integrante del equipo de Fundaci\u00f3n PROA Gast\u00f3n Solari Yrigoyen, quien destac\u00f3 la posibilidad que tuvieron de \u201csumergirse en la diversa oferta cultural de Nueva York y luego hacer foco en los puntos de inter\u00e9s de cada una\u201d.<\/p>\n\n\n\n<p>\u201cFue una experiencia muy emocionante para todos porque incluso Oriana nunca se hab\u00eda subido a un avi\u00f3n, y la primera vez que lo hace es para concretar un viaje a la otra punta del continente y pasar siete d\u00edas s\u00faper intensos, con un itinerario pensado y trabajado para que lo aproveche al m\u00e1ximo\u201d, expres\u00f3.<\/p>\n\n\n\n<p>El concurso permiti\u00f3 estrechar el v\u00ednculo entre Fundaci\u00f3n PROA y la Escuela de Arte de Campana. De hecho, una vez finalizado el certamen, tanto los alumnos participantes como varios de sus docentes viajaron hasta el barrio porte\u00f1o de La Boca para visitar la muestra \u201cMinimalismo, posminimalismo y conceptualismo- 60\u00b4\/70\u00b4\u201d actualmente exhibida en Fundaci\u00f3n PROA.<\/p>\n\n\n\n<p>\u201cMi Ciudad + Nueva York\u201d fue un concurso de arte y fotograf\u00eda digital destinado a j\u00f3venes artistas cursando estudios terciarios de arte. Se desarroll\u00f3 en las ciudades de Campana, San Nicol\u00e1s y Neuqu\u00e9n, en colaboraci\u00f3n con escuelas de arte locales, y con el apoyo de Tenaris, Ternium y Tecpetrol respectivamente.\n\n<\/p>\n\n\n\n<p>FUENTE: CAMPANA NOTICIAS<\/p>\n","protected":false},"excerpt":{"rendered":"<p>Oriana Di Yorio, estudiante de la Escuela de Arte \u201cRicardo Carpani\u201d de Campana, pas\u00f3 una semana recorriendo los m\u00e1s famosos museos y galer\u00edas de arte de la escena cultural neoyorquina. El certamen fue organizado por Fundaci\u00f3n PROA y United Airlines, con el apoyo de Tenaris. La estudiante ganadora del concurso art\u00edstico \u201cMi Ciudad + Nueva [&hellip;]<\/p>\n","protected":false},"author":4,"featured_media":58724,"comment_status":"open","ping_status":"closed","sticky":false,"template":"","format":"standard","meta":{"om_disable_all_campaigns":false,"_jetpack_memberships_contains_paid_content":false,"footnotes":""},"categories":[621],"tags":[],"class_list":["post-58723","post","type-post","status-publish","format-standard","has-post-thumbnail","hentry","category-regionales"],"aioseo_notices":[],"gutentor_comment":0,"jetpack_featured_media_url":"https:\/\/eldiariodesanpedro.com.ar\/sitio\/wp-content\/uploads\/2019\/08\/20190823061550.jpg","jetpack_shortlink":"https:\/\/wp.me\/p6RhLt-fh9","jetpack_sharing_enabled":true,"_links":{"self":[{"href":"https:\/\/eldiariodesanpedro.com.ar\/sitio\/wp-json\/wp\/v2\/posts\/58723","targetHints":{"allow":["GET"]}}],"collection":[{"href":"https:\/\/eldiariodesanpedro.com.ar\/sitio\/wp-json\/wp\/v2\/posts"}],"about":[{"href":"https:\/\/eldiariodesanpedro.com.ar\/sitio\/wp-json\/wp\/v2\/types\/post"}],"author":[{"embeddable":true,"href":"https:\/\/eldiariodesanpedro.com.ar\/sitio\/wp-json\/wp\/v2\/users\/4"}],"replies":[{"embeddable":true,"href":"https:\/\/eldiariodesanpedro.com.ar\/sitio\/wp-json\/wp\/v2\/comments?post=58723"}],"version-history":[{"count":1,"href":"https:\/\/eldiariodesanpedro.com.ar\/sitio\/wp-json\/wp\/v2\/posts\/58723\/revisions"}],"predecessor-version":[{"id":58725,"href":"https:\/\/eldiariodesanpedro.com.ar\/sitio\/wp-json\/wp\/v2\/posts\/58723\/revisions\/58725"}],"wp:featuredmedia":[{"embeddable":true,"href":"https:\/\/eldiariodesanpedro.com.ar\/sitio\/wp-json\/wp\/v2\/media\/58724"}],"wp:attachment":[{"href":"https:\/\/eldiariodesanpedro.com.ar\/sitio\/wp-json\/wp\/v2\/media?parent=58723"}],"wp:term":[{"taxonomy":"category","embeddable":true,"href":"https:\/\/eldiariodesanpedro.com.ar\/sitio\/wp-json\/wp\/v2\/categories?post=58723"},{"taxonomy":"post_tag","embeddable":true,"href":"https:\/\/eldiariodesanpedro.com.ar\/sitio\/wp-json\/wp\/v2\/tags?post=58723"}],"curies":[{"name":"wp","href":"https:\/\/api.w.org\/{rel}","templated":true}]}}