{"id":58720,"date":"2019-08-24T10:24:38","date_gmt":"2019-08-24T13:24:38","guid":{"rendered":"https:\/\/eldiariodesanpedro.com.ar\/sitio\/?p=58720"},"modified":"2019-08-24T10:24:43","modified_gmt":"2019-08-24T13:24:43","slug":"campana-con-la-presentacion-del-libro-soy-alexa-se-inaugurara-la-biblioteca-diversa","status":"publish","type":"post","link":"https:\/\/eldiariodesanpedro.com.ar\/sitio\/campana-con-la-presentacion-del-libro-soy-alexa-se-inaugurara-la-biblioteca-diversa\/","title":{"rendered":"CAMPANA: Con la presentaci\u00f3n del libro \u00abSoy Alexa\u00bb, se inaugurar\u00e1 la Biblioteca Diversa"},"content":{"rendered":"<!-- VideographyWP Plugin Message: Automatic video embedding prevented by plugin options. -->\n\n<p> Estar\u00e1 ubicada en la Biblioteca Municipal. La actividad se realizar\u00e1 este martes 27 a las 14 en conmemoraci\u00f3n D\u00eda Internacional del Activismo por la Diversidad Sexual.<\/p>\n\n\n\n<p>\n\nEn conmemoraci\u00f3n del D\u00eda Internacional del Activismo por la Diversidad Sexual, se inaugurar\u00e1 la Biblioteca Diversa con la presentaci\u00f3n del Libro \u00abSoy Alexa\u00bb.<\/p>\n\n\n\n<p>El encuentro ser\u00e1 en la Biblioteca P\u00fablica Municipal (avenida Varela 750), este martes 27 desde las 14 y contar\u00e1 con la presencia de Alexa Pettone, quien es la protagonista de la historia en cuesti\u00f3n y estar\u00e1 firmando ejemplares.<\/p>\n\n\n\n<p>Con entrada libre y gratuita, el p\u00fablico podr\u00e1 conocer en detalle este libro que fue creado por alumnos de una escuela secundaria de San Pedro en el marco del Programa J\u00f3venes y Memoria.<\/p>\n\n\n\n<p>FUENTE: CAMPANA NOTICIAS<\/p>\n\n\n\n<p>\u00abSoy Alexa\u00bb narra la historia de vida de una ni\u00f1a trans. Se trata de una obra para hablar de diversidad y derechos a los m\u00e1s peque\u00f1os.\n\n<\/p>\n\n\n\n<p><br><\/p>\n","protected":false},"excerpt":{"rendered":"<p>Estar\u00e1 ubicada en la Biblioteca Municipal. La actividad se realizar\u00e1 este martes 27 a las 14 en conmemoraci\u00f3n D\u00eda Internacional del Activismo por la Diversidad Sexual. En conmemoraci\u00f3n del D\u00eda Internacional del Activismo por la Diversidad Sexual, se inaugurar\u00e1 la Biblioteca Diversa con la presentaci\u00f3n del Libro \u00abSoy Alexa\u00bb. El encuentro ser\u00e1 en la Biblioteca [&hellip;]<\/p>\n","protected":false},"author":4,"featured_media":58721,"comment_status":"open","ping_status":"closed","sticky":false,"template":"","format":"standard","meta":{"om_disable_all_campaigns":false,"_jetpack_memberships_contains_paid_content":false,"footnotes":""},"categories":[621],"tags":[],"class_list":["post-58720","post","type-post","status-publish","format-standard","has-post-thumbnail","hentry","category-regionales"],"aioseo_notices":[],"gutentor_comment":0,"jetpack_featured_media_url":"https:\/\/eldiariodesanpedro.com.ar\/sitio\/wp-content\/uploads\/2019\/08\/20190823045431.jpg","jetpack_shortlink":"https:\/\/wp.me\/p6RhLt-fh6","jetpack_sharing_enabled":true,"_links":{"self":[{"href":"https:\/\/eldiariodesanpedro.com.ar\/sitio\/wp-json\/wp\/v2\/posts\/58720","targetHints":{"allow":["GET"]}}],"collection":[{"href":"https:\/\/eldiariodesanpedro.com.ar\/sitio\/wp-json\/wp\/v2\/posts"}],"about":[{"href":"https:\/\/eldiariodesanpedro.com.ar\/sitio\/wp-json\/wp\/v2\/types\/post"}],"author":[{"embeddable":true,"href":"https:\/\/eldiariodesanpedro.com.ar\/sitio\/wp-json\/wp\/v2\/users\/4"}],"replies":[{"embeddable":true,"href":"https:\/\/eldiariodesanpedro.com.ar\/sitio\/wp-json\/wp\/v2\/comments?post=58720"}],"version-history":[{"count":1,"href":"https:\/\/eldiariodesanpedro.com.ar\/sitio\/wp-json\/wp\/v2\/posts\/58720\/revisions"}],"predecessor-version":[{"id":58722,"href":"https:\/\/eldiariodesanpedro.com.ar\/sitio\/wp-json\/wp\/v2\/posts\/58720\/revisions\/58722"}],"wp:featuredmedia":[{"embeddable":true,"href":"https:\/\/eldiariodesanpedro.com.ar\/sitio\/wp-json\/wp\/v2\/media\/58721"}],"wp:attachment":[{"href":"https:\/\/eldiariodesanpedro.com.ar\/sitio\/wp-json\/wp\/v2\/media?parent=58720"}],"wp:term":[{"taxonomy":"category","embeddable":true,"href":"https:\/\/eldiariodesanpedro.com.ar\/sitio\/wp-json\/wp\/v2\/categories?post=58720"},{"taxonomy":"post_tag","embeddable":true,"href":"https:\/\/eldiariodesanpedro.com.ar\/sitio\/wp-json\/wp\/v2\/tags?post=58720"}],"curies":[{"name":"wp","href":"https:\/\/api.w.org\/{rel}","templated":true}]}}