{"id":58716,"date":"2019-08-24T10:15:30","date_gmt":"2019-08-24T13:15:30","guid":{"rendered":"https:\/\/eldiariodesanpedro.com.ar\/sitio\/?p=58716"},"modified":"2019-08-24T10:15:34","modified_gmt":"2019-08-24T13:15:34","slug":"avanza-en-incentivo-a-la-produccion-de-autos-urbanos-electricos","status":"publish","type":"post","link":"https:\/\/eldiariodesanpedro.com.ar\/sitio\/avanza-en-incentivo-a-la-produccion-de-autos-urbanos-electricos\/","title":{"rendered":"Avanza en incentivo a la producci\u00f3n de autos urbanos el\u00e9ctricos"},"content":{"rendered":"<!-- VideographyWP Plugin Message: Automatic video embedding prevented by plugin options. -->\n\n<p>Declararon de inter\u00e9s provincial la fabricaci\u00f3n de veh\u00edculos urbanos el\u00e9ctricos.<\/p>\n\n\n\n<p>El gobierno bonaerense declar\u00f3 inter\u00e9s provincial la fabricaci\u00f3n del primer veh\u00edculo urbano el\u00e9ctrico producido \u00edntegramente en la provincia de Buenos Aires por la empresa Sero Electric, que se encuentra ubicada en el parque industrial de Mor\u00f3n.<\/p>\n\n\n\n<p>Lo hizo el ministro de Producci\u00f3n, Javier Tizado, mediante la Resoluci\u00f3n 212 publicada hoy en el Bolet\u00edn Oficial bonaerense.<\/p>\n\n\n\n<p>El Sero Electric es el primer auto el\u00e9ctrico fabricado en la Argentina con permiso para circular por la calle desde de junio, cuando el ministro de la Producci\u00f3n nacional, Dante Sica, le otorg\u00f3 la Licencia de Configuraci\u00f3n de Modelo (LCM), una habilitaci\u00f3n necesaria para ello.<\/p>\n\n\n\n<p>Hasta ese momento, los modelos se comercializaban para circular dentro de f\u00e1bricas, aeropuertos y barrios privados.<\/p>\n\n\n\n<p>El auto -una creaci\u00f3n del empresario Pablo Naya que empez\u00f3 a producirse en 2015- est\u00e1 dise\u00f1ado para circular a una velocidad limitada de 45 kil\u00f3metros por hora, con una autonom\u00eda de 65 kil\u00f3metros.<\/p>\n\n\n\n<ul class=\"wp-block-gallery columns-1 is-cropped wp-block-gallery-1 is-layout-flex wp-block-gallery-is-layout-flex\"><li class=\"blocks-gallery-item\"><figure><img decoding=\"async\" width=\"380\" height=\"214\" data-attachment-id=\"58717\" data-permalink=\"https:\/\/eldiariodesanpedro.com.ar\/sitio\/avanza-en-incentivo-a-la-produccion-de-autos-urbanos-electricos\/2140222w380\/\" data-orig-file=\"https:\/\/eldiariodesanpedro.com.ar\/sitio\/wp-content\/uploads\/2019\/08\/2140222w380.jpg\" data-orig-size=\"380,214\" data-comments-opened=\"1\" data-image-meta=\"{&quot;aperture&quot;:&quot;0&quot;,&quot;credit&quot;:&quot;&quot;,&quot;camera&quot;:&quot;&quot;,&quot;caption&quot;:&quot;&quot;,&quot;created_timestamp&quot;:&quot;0&quot;,&quot;copyright&quot;:&quot;&quot;,&quot;focal_length&quot;:&quot;0&quot;,&quot;iso&quot;:&quot;0&quot;,&quot;shutter_speed&quot;:&quot;0&quot;,&quot;title&quot;:&quot;&quot;,&quot;orientation&quot;:&quot;0&quot;}\" data-image-title=\"2140222w380\" data-image-description=\"\" data-image-caption=\"\" data-large-file=\"https:\/\/eldiariodesanpedro.com.ar\/sitio\/wp-content\/uploads\/2019\/08\/2140222w380.jpg\" data-src=\"https:\/\/eldiariodesanpedro.com.ar\/sitio\/wp-content\/uploads\/2019\/08\/2140222w380.jpg\" alt=\"\" data-id=\"58717\" data-link=\"https:\/\/eldiariodesanpedro.com.ar\/sitio\/?attachment_id=58717\" class=\"wp-image-58717 lazyload\" data-srcset=\"https:\/\/eldiariodesanpedro.com.ar\/sitio\/wp-content\/uploads\/2019\/08\/2140222w380.jpg 380w, https:\/\/eldiariodesanpedro.com.ar\/sitio\/wp-content\/uploads\/2019\/08\/2140222w380-300x169.jpg 300w\" data-sizes=\"(max-width: 380px) 100vw, 380px\" src=\"data:image\/svg+xml;base64,PHN2ZyB3aWR0aD0iMSIgaGVpZ2h0PSIxIiB4bWxucz0iaHR0cDovL3d3dy53My5vcmcvMjAwMC9zdmciPjwvc3ZnPg==\" style=\"--smush-placeholder-width: 380px; --smush-placeholder-aspect-ratio: 380\/214;\" \/><\/figure><\/li><\/ul>\n\n\n\n<p><br><br><\/p>\n","protected":false},"excerpt":{"rendered":"<p>Declararon de inter\u00e9s provincial la fabricaci\u00f3n de veh\u00edculos urbanos el\u00e9ctricos. El gobierno bonaerense declar\u00f3 inter\u00e9s provincial la fabricaci\u00f3n del primer veh\u00edculo urbano el\u00e9ctrico producido \u00edntegramente en la provincia de Buenos Aires por la empresa Sero Electric, que se encuentra ubicada en el parque industrial de Mor\u00f3n. Lo hizo el ministro de Producci\u00f3n, Javier Tizado, mediante [&hellip;]<\/p>\n","protected":false},"author":4,"featured_media":58718,"comment_status":"open","ping_status":"closed","sticky":false,"template":"","format":"standard","meta":{"om_disable_all_campaigns":false,"_jetpack_memberships_contains_paid_content":false,"footnotes":""},"categories":[3],"tags":[],"class_list":["post-58716","post","type-post","status-publish","format-standard","has-post-thumbnail","hentry","category-nacionales"],"aioseo_notices":[],"gutentor_comment":0,"jetpack_featured_media_url":"https:\/\/eldiariodesanpedro.com.ar\/sitio\/wp-content\/uploads\/2019\/08\/seroelectricsedan-.jpg","jetpack_shortlink":"https:\/\/wp.me\/p6RhLt-fh2","jetpack_sharing_enabled":true,"_links":{"self":[{"href":"https:\/\/eldiariodesanpedro.com.ar\/sitio\/wp-json\/wp\/v2\/posts\/58716","targetHints":{"allow":["GET"]}}],"collection":[{"href":"https:\/\/eldiariodesanpedro.com.ar\/sitio\/wp-json\/wp\/v2\/posts"}],"about":[{"href":"https:\/\/eldiariodesanpedro.com.ar\/sitio\/wp-json\/wp\/v2\/types\/post"}],"author":[{"embeddable":true,"href":"https:\/\/eldiariodesanpedro.com.ar\/sitio\/wp-json\/wp\/v2\/users\/4"}],"replies":[{"embeddable":true,"href":"https:\/\/eldiariodesanpedro.com.ar\/sitio\/wp-json\/wp\/v2\/comments?post=58716"}],"version-history":[{"count":1,"href":"https:\/\/eldiariodesanpedro.com.ar\/sitio\/wp-json\/wp\/v2\/posts\/58716\/revisions"}],"predecessor-version":[{"id":58719,"href":"https:\/\/eldiariodesanpedro.com.ar\/sitio\/wp-json\/wp\/v2\/posts\/58716\/revisions\/58719"}],"wp:featuredmedia":[{"embeddable":true,"href":"https:\/\/eldiariodesanpedro.com.ar\/sitio\/wp-json\/wp\/v2\/media\/58718"}],"wp:attachment":[{"href":"https:\/\/eldiariodesanpedro.com.ar\/sitio\/wp-json\/wp\/v2\/media?parent=58716"}],"wp:term":[{"taxonomy":"category","embeddable":true,"href":"https:\/\/eldiariodesanpedro.com.ar\/sitio\/wp-json\/wp\/v2\/categories?post=58716"},{"taxonomy":"post_tag","embeddable":true,"href":"https:\/\/eldiariodesanpedro.com.ar\/sitio\/wp-json\/wp\/v2\/tags?post=58716"}],"curies":[{"name":"wp","href":"https:\/\/api.w.org\/{rel}","templated":true}]}}