{"id":58713,"date":"2019-08-24T09:51:37","date_gmt":"2019-08-24T12:51:37","guid":{"rendered":"https:\/\/eldiariodesanpedro.com.ar\/sitio\/?p=58713"},"modified":"2019-08-24T09:51:42","modified_gmt":"2019-08-24T12:51:42","slug":"inauguran-la-sala-de-agroindustria-de-la-escuela-agropecuaria","status":"publish","type":"post","link":"https:\/\/eldiariodesanpedro.com.ar\/sitio\/inauguran-la-sala-de-agroindustria-de-la-escuela-agropecuaria\/","title":{"rendered":"Inauguran la sala de Agroindustria de la Escuela Agropecuaria"},"content":{"rendered":"<!-- VideographyWP Plugin Message: Automatic video embedding prevented by plugin options. -->\n\n<p>Todo esta preparado para este martes 27 de agosto, el acto de inauguraci\u00f3n se realizara a las 10 y 30 horas. Estar\u00e1n presentes autoridades educativas , provinciales y municipales.  No se descarta la presencia del Ministro Gabriel S\u00e1nchez Zinny.\u00a0 <\/p>\n\n\n\n<p>La Municipalidad de San Pedro comparte la invitaci\u00f3n para acompa\u00f1ar el acto de inauguraci\u00f3n de la Sala de Agroindustria de la Escuela de Educaci\u00f3n Secundaria Argopecuaria N\u00ba1, el pr\u00f3ximo martes 27 de agosto a las 10.30.<\/p>\n\n\n\n<p>El evento ser\u00e1 en las instalaciones del establecimiento ubicadas en la Colectora de Ruta N\u00ba 9 kil\u00f3metro 155 (R\u00edo Tala).<\/p>\n\n\n\n<p>Estar\u00e1n presentes autoridades provinciales, municipales y educativas.<\/p>\n","protected":false},"excerpt":{"rendered":"<p>Todo esta preparado para este martes 27 de agosto, el acto de inauguraci\u00f3n se realizara a las 10 y 30 horas. Estar\u00e1n presentes autoridades educativas , provinciales y municipales. No se descarta la presencia del Ministro Gabriel S\u00e1nchez Zinny.\u00a0 La Municipalidad de San Pedro comparte la invitaci\u00f3n para acompa\u00f1ar el acto de inauguraci\u00f3n de la [&hellip;]<\/p>\n","protected":false},"author":4,"featured_media":58714,"comment_status":"open","ping_status":"closed","sticky":false,"template":"","format":"standard","meta":{"om_disable_all_campaigns":false,"_jetpack_memberships_contains_paid_content":false,"footnotes":""},"categories":[101,2],"tags":[],"class_list":["post-58713","post","type-post","status-publish","format-standard","has-post-thumbnail","hentry","category-interes-general-locales","category-locales"],"aioseo_notices":[],"gutentor_comment":0,"jetpack_featured_media_url":"https:\/\/eldiariodesanpedro.com.ar\/sitio\/wp-content\/uploads\/2019\/08\/15326396_349356038767716_1560907872813640211_n.jpg","jetpack_shortlink":"https:\/\/wp.me\/p6RhLt-fgZ","jetpack_sharing_enabled":true,"_links":{"self":[{"href":"https:\/\/eldiariodesanpedro.com.ar\/sitio\/wp-json\/wp\/v2\/posts\/58713","targetHints":{"allow":["GET"]}}],"collection":[{"href":"https:\/\/eldiariodesanpedro.com.ar\/sitio\/wp-json\/wp\/v2\/posts"}],"about":[{"href":"https:\/\/eldiariodesanpedro.com.ar\/sitio\/wp-json\/wp\/v2\/types\/post"}],"author":[{"embeddable":true,"href":"https:\/\/eldiariodesanpedro.com.ar\/sitio\/wp-json\/wp\/v2\/users\/4"}],"replies":[{"embeddable":true,"href":"https:\/\/eldiariodesanpedro.com.ar\/sitio\/wp-json\/wp\/v2\/comments?post=58713"}],"version-history":[{"count":1,"href":"https:\/\/eldiariodesanpedro.com.ar\/sitio\/wp-json\/wp\/v2\/posts\/58713\/revisions"}],"predecessor-version":[{"id":58715,"href":"https:\/\/eldiariodesanpedro.com.ar\/sitio\/wp-json\/wp\/v2\/posts\/58713\/revisions\/58715"}],"wp:featuredmedia":[{"embeddable":true,"href":"https:\/\/eldiariodesanpedro.com.ar\/sitio\/wp-json\/wp\/v2\/media\/58714"}],"wp:attachment":[{"href":"https:\/\/eldiariodesanpedro.com.ar\/sitio\/wp-json\/wp\/v2\/media?parent=58713"}],"wp:term":[{"taxonomy":"category","embeddable":true,"href":"https:\/\/eldiariodesanpedro.com.ar\/sitio\/wp-json\/wp\/v2\/categories?post=58713"},{"taxonomy":"post_tag","embeddable":true,"href":"https:\/\/eldiariodesanpedro.com.ar\/sitio\/wp-json\/wp\/v2\/tags?post=58713"}],"curies":[{"name":"wp","href":"https:\/\/api.w.org\/{rel}","templated":true}]}}