{"id":58709,"date":"2019-08-24T09:35:22","date_gmt":"2019-08-24T12:35:22","guid":{"rendered":"https:\/\/eldiariodesanpedro.com.ar\/sitio\/?p=58709"},"modified":"2019-08-24T09:35:27","modified_gmt":"2019-08-24T12:35:27","slug":"alucec-campana-contra-el-cancer-de-cuello-uterino","status":"publish","type":"post","link":"https:\/\/eldiariodesanpedro.com.ar\/sitio\/alucec-campana-contra-el-cancer-de-cuello-uterino\/","title":{"rendered":"ALUCEC: Campa\u00f1a contra el c\u00e1ncer de Cuello Uterino"},"content":{"rendered":"<!-- VideographyWP Plugin Message: Automatic video embedding prevented by plugin options. -->\n\n<p> <br>La Liga Argentina de Lucha Contra el C\u00e1ncer (Lalcec) anuncio que  desde el 9 al 13 de septiembre habr\u00e1 ex\u00e1menes gratuitos en el marco de la campa\u00f1a contra el c\u00e1ncer de cuello de \u00fatero. Se realizar\u00e1 en forma gratuita el test de Papanicolaou (PAP) y Colposcopia. <\/p>\n\n\n\n<p>Para ser beneficiaria de esta campa\u00f1a es requisito\u00a0tener entre 18 y 60 a\u00f1os,\u00a0no contar con cobertura m\u00e9dica u obra social y reservar turno a los tel\u00e9fonos\u00a03329 &#8211; 428120 o 424075,\u00a0de lunes a viernes, en el horario\u00a0de 9 a 12. Los estudios se realizar\u00e1n en\u00a0Almafuerte 620 San Pedro.<\/p>\n\n\n\n<p>En Argentina, cada a\u00f1o cerca de cinco mil\u00a0mujeres son diagnosticadas con esta enfermedad y alrededor de seis mueren por d\u00eda. Sin embargo,\u00a0el c\u00e1ncer de cuello de \u00fatero, tambi\u00e9n conocido como ginecol\u00f3gico,\u00a0es uno de los pocos c\u00e1nceres que se pueden diagnosticar de forma precoz,\u00a0es decir, antes de que la mujer aprecie alg\u00fan s\u00edntoma.<\/p>\n\n\n\n<p>Las revisiones ginecol\u00f3gicas habituales y la realizaci\u00f3n regular del test de Papanicolaou y de la Colposcopia permiten la detecci\u00f3n precoz de las lesiones c\u00e9rvico-uterinas, de tal forma que su tratamiento evita que \u00e9stas evolucionen a lesiones invasivas.\u00a0\u00a0<br><br>El C\u00e1ncer de Cuello Uterino es un tumor maligno que afecta la zona inferior del \u00datero (Cuello), su principal causa es infecci\u00f3n por virus del Papiloma Humano (HPV). Para poder detectar esta enfermedad a tiempo es importante la consulta peri\u00f3dica al m\u00e9dico ginec\u00f3logo (especialmente al inicio de las relaciones sexuales), los controles mediante citolog\u00eda exfoliativa oncol\u00f3gica (Papanicolaou) y Colposcopia, como as\u00ed tambi\u00e9n el uso de preservativo en todas las relaciones sexuales.<\/p>\n\n\n\n<ul class=\"wp-block-gallery columns-1 is-cropped wp-block-gallery-1 is-layout-flex wp-block-gallery-is-layout-flex\"><li class=\"blocks-gallery-item\"><figure><img decoding=\"async\" width=\"728\" height=\"500\" data-attachment-id=\"58710\" data-permalink=\"https:\/\/eldiariodesanpedro.com.ar\/sitio\/alucec-campana-contra-el-cancer-de-cuello-uterino\/utero-1520425215\/\" data-orig-file=\"https:\/\/eldiariodesanpedro.com.ar\/sitio\/wp-content\/uploads\/2019\/08\/Utero-1520425215.jpg\" data-orig-size=\"728,500\" data-comments-opened=\"1\" data-image-meta=\"{&quot;aperture&quot;:&quot;0&quot;,&quot;credit&quot;:&quot;&quot;,&quot;camera&quot;:&quot;&quot;,&quot;caption&quot;:&quot;&quot;,&quot;created_timestamp&quot;:&quot;0&quot;,&quot;copyright&quot;:&quot;&quot;,&quot;focal_length&quot;:&quot;0&quot;,&quot;iso&quot;:&quot;0&quot;,&quot;shutter_speed&quot;:&quot;0&quot;,&quot;title&quot;:&quot;&quot;,&quot;orientation&quot;:&quot;0&quot;}\" data-image-title=\"Utero-1520425215\" data-image-description=\"\" data-image-caption=\"\" data-large-file=\"https:\/\/eldiariodesanpedro.com.ar\/sitio\/wp-content\/uploads\/2019\/08\/Utero-1520425215.jpg\" data-src=\"https:\/\/eldiariodesanpedro.com.ar\/sitio\/wp-content\/uploads\/2019\/08\/Utero-1520425215.jpg\" alt=\"\" data-id=\"58710\" data-link=\"https:\/\/eldiariodesanpedro.com.ar\/sitio\/?attachment_id=58710\" class=\"wp-image-58710 lazyload\" data-srcset=\"https:\/\/eldiariodesanpedro.com.ar\/sitio\/wp-content\/uploads\/2019\/08\/Utero-1520425215.jpg 728w, https:\/\/eldiariodesanpedro.com.ar\/sitio\/wp-content\/uploads\/2019\/08\/Utero-1520425215-300x206.jpg 300w, https:\/\/eldiariodesanpedro.com.ar\/sitio\/wp-content\/uploads\/2019\/08\/Utero-1520425215-130x90.jpg 130w\" data-sizes=\"(max-width: 728px) 100vw, 728px\" src=\"data:image\/svg+xml;base64,PHN2ZyB3aWR0aD0iMSIgaGVpZ2h0PSIxIiB4bWxucz0iaHR0cDovL3d3dy53My5vcmcvMjAwMC9zdmciPjwvc3ZnPg==\" style=\"--smush-placeholder-width: 728px; --smush-placeholder-aspect-ratio: 728\/500;\" \/><\/figure><\/li><\/ul>\n","protected":false},"excerpt":{"rendered":"<p>La Liga Argentina de Lucha Contra el C\u00e1ncer (Lalcec) anuncio que desde el 9 al 13 de septiembre habr\u00e1 ex\u00e1menes gratuitos en el marco de la campa\u00f1a contra el c\u00e1ncer de cuello de \u00fatero. Se realizar\u00e1 en forma gratuita el test de Papanicolaou (PAP) y Colposcopia. Para ser beneficiaria de esta campa\u00f1a es requisito\u00a0tener entre [&hellip;]<\/p>\n","protected":false},"author":4,"featured_media":58711,"comment_status":"open","ping_status":"closed","sticky":false,"template":"","format":"standard","meta":{"om_disable_all_campaigns":false,"_jetpack_memberships_contains_paid_content":false,"footnotes":""},"categories":[50,101,2],"tags":[],"class_list":["post-58709","post","type-post","status-publish","format-standard","has-post-thumbnail","hentry","category-destacadas","category-interes-general-locales","category-locales"],"aioseo_notices":[],"gutentor_comment":0,"jetpack_featured_media_url":"https:\/\/eldiariodesanpedro.com.ar\/sitio\/wp-content\/uploads\/2019\/08\/20180918135717_34390375_0_body.jpg","jetpack_shortlink":"https:\/\/wp.me\/p6RhLt-fgV","jetpack_sharing_enabled":true,"_links":{"self":[{"href":"https:\/\/eldiariodesanpedro.com.ar\/sitio\/wp-json\/wp\/v2\/posts\/58709","targetHints":{"allow":["GET"]}}],"collection":[{"href":"https:\/\/eldiariodesanpedro.com.ar\/sitio\/wp-json\/wp\/v2\/posts"}],"about":[{"href":"https:\/\/eldiariodesanpedro.com.ar\/sitio\/wp-json\/wp\/v2\/types\/post"}],"author":[{"embeddable":true,"href":"https:\/\/eldiariodesanpedro.com.ar\/sitio\/wp-json\/wp\/v2\/users\/4"}],"replies":[{"embeddable":true,"href":"https:\/\/eldiariodesanpedro.com.ar\/sitio\/wp-json\/wp\/v2\/comments?post=58709"}],"version-history":[{"count":1,"href":"https:\/\/eldiariodesanpedro.com.ar\/sitio\/wp-json\/wp\/v2\/posts\/58709\/revisions"}],"predecessor-version":[{"id":58712,"href":"https:\/\/eldiariodesanpedro.com.ar\/sitio\/wp-json\/wp\/v2\/posts\/58709\/revisions\/58712"}],"wp:featuredmedia":[{"embeddable":true,"href":"https:\/\/eldiariodesanpedro.com.ar\/sitio\/wp-json\/wp\/v2\/media\/58711"}],"wp:attachment":[{"href":"https:\/\/eldiariodesanpedro.com.ar\/sitio\/wp-json\/wp\/v2\/media?parent=58709"}],"wp:term":[{"taxonomy":"category","embeddable":true,"href":"https:\/\/eldiariodesanpedro.com.ar\/sitio\/wp-json\/wp\/v2\/categories?post=58709"},{"taxonomy":"post_tag","embeddable":true,"href":"https:\/\/eldiariodesanpedro.com.ar\/sitio\/wp-json\/wp\/v2\/tags?post=58709"}],"curies":[{"name":"wp","href":"https:\/\/api.w.org\/{rel}","templated":true}]}}