{"id":58700,"date":"2019-08-23T19:12:36","date_gmt":"2019-08-23T22:12:36","guid":{"rendered":"https:\/\/eldiariodesanpedro.com.ar\/sitio\/?p=58700"},"modified":"2019-08-23T19:12:41","modified_gmt":"2019-08-23T22:12:41","slug":"2o-edicion-cultura-joven","status":"publish","type":"post","link":"https:\/\/eldiariodesanpedro.com.ar\/sitio\/2o-edicion-cultura-joven\/","title":{"rendered":"2\u00ba Edici\u00f3n Cultura Joven"},"content":{"rendered":"<!-- VideographyWP Plugin Message: Automatic video embedding prevented by plugin options. -->\n\n<p>Nuevamente la Direcci\u00f3n de Cultura de la Municipalidad de San Pedro te propone sumarte a una iniciativa que integra m\u00faltiples disciplinas en el Centro Cultural Municipal Abelardo Castillo.<\/p>\n\n\n\n<p>Ven\u00ed este domingo 25 de agosto desde las 15, a compartir alguna de todas estas propuestas, con m\u00e1s de 50 j\u00f3venes artistas:<\/p>\n\n\n\n<p>Teatro &#8211; Con la participaci\u00f3n del grupo de Santa Luc\u00eda<br>Pintura<br>M\u00fasica en vivo<br>Danzas Folcl\u00f3ricas<br>VideoMinuto<br>Fotograf\u00eda<br>Poes\u00eda<br>Dibujo<br>Bloque de Percusi\u00f3n<br>Ritmo Urbano<br><\/p>\n\n\n\n<p>Tenemos un espacio ideal para compartir y muchas ganas de seguir aprendiendo y disfrutando con vos<\/p>\n\n\n\n<figure class=\"wp-block-image\"><img decoding=\"async\" src=\"https:\/\/mail.google.com\/mail\/u\/4?ui=2&amp;ik=d370923452&amp;attid=0.1&amp;permmsgid=msg-f:1642693104822406502&amp;th=16cc04acebec4d66&amp;view=fimg&amp;sz=s0-l75-ft&amp;attbid=ANGjdJ9lCUEWWjaJWl-1sYcx5PyxKv6JV65xJdematIfiy5oSwNOPwAZn0E33lkyK9eO5ToA9nOqIB7O4Y1khka00vxe-3XOAgMb7US7wl7uS5CEQLnVZNgJmjq8dGE&amp;disp=emb\" alt=\"\"\/><\/figure>\n\n\n\n<p><strong>Se agradece difusi\u00f3n<\/strong><\/p>\n\n\n\n<p><br><\/p>\n","protected":false},"excerpt":{"rendered":"<p>Nuevamente la Direcci\u00f3n de Cultura de la Municipalidad de San Pedro te propone sumarte a una iniciativa que integra m\u00faltiples disciplinas en el Centro Cultural Municipal Abelardo Castillo. Ven\u00ed este domingo 25 de agosto desde las 15, a compartir alguna de todas estas propuestas, con m\u00e1s de 50 j\u00f3venes artistas: Teatro &#8211; Con la participaci\u00f3n [&hellip;]<\/p>\n","protected":false},"author":4,"featured_media":58701,"comment_status":"open","ping_status":"closed","sticky":false,"template":"","format":"standard","meta":{"om_disable_all_campaigns":false,"_jetpack_memberships_contains_paid_content":false,"footnotes":""},"categories":[101,2],"tags":[],"class_list":["post-58700","post","type-post","status-publish","format-standard","has-post-thumbnail","hentry","category-interes-general-locales","category-locales"],"aioseo_notices":[],"gutentor_comment":0,"jetpack_featured_media_url":"https:\/\/eldiariodesanpedro.com.ar\/sitio\/wp-content\/uploads\/2019\/08\/WhatsApp-Image-2019-08-23-at-16.22.59.jpeg","jetpack_shortlink":"https:\/\/wp.me\/p6RhLt-fgM","jetpack_sharing_enabled":true,"_links":{"self":[{"href":"https:\/\/eldiariodesanpedro.com.ar\/sitio\/wp-json\/wp\/v2\/posts\/58700","targetHints":{"allow":["GET"]}}],"collection":[{"href":"https:\/\/eldiariodesanpedro.com.ar\/sitio\/wp-json\/wp\/v2\/posts"}],"about":[{"href":"https:\/\/eldiariodesanpedro.com.ar\/sitio\/wp-json\/wp\/v2\/types\/post"}],"author":[{"embeddable":true,"href":"https:\/\/eldiariodesanpedro.com.ar\/sitio\/wp-json\/wp\/v2\/users\/4"}],"replies":[{"embeddable":true,"href":"https:\/\/eldiariodesanpedro.com.ar\/sitio\/wp-json\/wp\/v2\/comments?post=58700"}],"version-history":[{"count":1,"href":"https:\/\/eldiariodesanpedro.com.ar\/sitio\/wp-json\/wp\/v2\/posts\/58700\/revisions"}],"predecessor-version":[{"id":58702,"href":"https:\/\/eldiariodesanpedro.com.ar\/sitio\/wp-json\/wp\/v2\/posts\/58700\/revisions\/58702"}],"wp:featuredmedia":[{"embeddable":true,"href":"https:\/\/eldiariodesanpedro.com.ar\/sitio\/wp-json\/wp\/v2\/media\/58701"}],"wp:attachment":[{"href":"https:\/\/eldiariodesanpedro.com.ar\/sitio\/wp-json\/wp\/v2\/media?parent=58700"}],"wp:term":[{"taxonomy":"category","embeddable":true,"href":"https:\/\/eldiariodesanpedro.com.ar\/sitio\/wp-json\/wp\/v2\/categories?post=58700"},{"taxonomy":"post_tag","embeddable":true,"href":"https:\/\/eldiariodesanpedro.com.ar\/sitio\/wp-json\/wp\/v2\/tags?post=58700"}],"curies":[{"name":"wp","href":"https:\/\/api.w.org\/{rel}","templated":true}]}}