{"id":58694,"date":"2019-08-23T18:47:27","date_gmt":"2019-08-23T21:47:27","guid":{"rendered":"https:\/\/eldiariodesanpedro.com.ar\/sitio\/?p=58694"},"modified":"2019-08-23T18:47:32","modified_gmt":"2019-08-23T21:47:32","slug":"dos-propuestas-para-finalizar-la-construccion-del-jardin-de-infantes-en-ex-cancha-de-banfield","status":"publish","type":"post","link":"https:\/\/eldiariodesanpedro.com.ar\/sitio\/dos-propuestas-para-finalizar-la-construccion-del-jardin-de-infantes-en-ex-cancha-de-banfield\/","title":{"rendered":"Dos propuestas para finalizar la construcci\u00f3n del Jard\u00edn de Infantes en ex cancha de Banfield"},"content":{"rendered":"<!-- VideographyWP Plugin Message: Automatic video embedding prevented by plugin options. -->\n\n<p>La Municipalidad de San Pedro informa que se procedi\u00f3 a la apertura de sobres para ingresar formalmente las propuestas recibidas, tras el llamado a licitaci\u00f3n p\u00fablica para las obras solicitadas, con el prop\u00f3sito de retomar y finalizar la construcci\u00f3n del Jard\u00edn de Infantes en la ex cancha de Banfield sobre Avenida 11 de Septiembre.<\/p>\n\n\n\n<p>Continuando con una pol\u00edtica concreta a trav\u00e9s de todos estos a\u00f1os para fortalecer la infraestructura de la educaci\u00f3n p\u00fablica en el Partido de San Pedro, se hicieron m\u00faltiples gestiones y se obtuvo  la aprobaci\u00f3n para la Licitaci\u00f3n P\u00fablica 11\/19 que contempla la provisi\u00f3n de mano de obra, materiales y mobiliario.\u00a0<\/p>\n\n\n\n<p>Para la realizaci\u00f3n de los trabajos solicitados el gobierno nacional dispuso un presupuesto $ 28.265.794,53 y se presentaron dos propuestas.\u00a0<br>La firma Pesciallo Flores y Compa\u00f1\u00eda cotiz\u00f3 $ 33.907.823,42 e Ingenglob S.A. $31.650.000.\u00a0<\/p>\n\n\n\n<p>A partir de este momento, se abre la instancia de an\u00e1lisis previo a la adjudicaci\u00f3n que se pretende concretar en el menor tiempo posible.<\/p>\n\n\n\n<p>\u00a0En el acto realizado estuvieron presentes los secretarios de Gobierno Silvio Corti, de Obras P\u00fablicas Ariel \u00c1lvarez y de Econom\u00eda Dr. Fabi\u00e1n Rodr\u00edguez, el Director de Obras Ing. Agust\u00edn Vaca, la Dra. Luisa Garc\u00eda de Asesor\u00eda Letrada, la Contadora Municipal Mariana Giosa y el Jefe a cargo de la Direcci\u00f3n de Compras, Osvaldo \u00c1lvarez. <\/p>\n\n\n\n<ul class=\"wp-block-gallery columns-3 is-cropped wp-block-gallery-1 is-layout-flex wp-block-gallery-is-layout-flex\"><li class=\"blocks-gallery-item\"><figure><img decoding=\"async\" width=\"5759\" height=\"3150\" data-attachment-id=\"58695\" data-permalink=\"https:\/\/eldiariodesanpedro.com.ar\/sitio\/dos-propuestas-para-finalizar-la-construccion-del-jardin-de-infantes-en-ex-cancha-de-banfield\/bi4a1875\/\" data-orig-file=\"https:\/\/eldiariodesanpedro.com.ar\/sitio\/wp-content\/uploads\/2019\/08\/BI4A1875.jpg\" data-orig-size=\"5759,3150\" data-comments-opened=\"1\" data-image-meta=\"{&quot;aperture&quot;:&quot;4&quot;,&quot;credit&quot;:&quot;&quot;,&quot;camera&quot;:&quot;Canon EOS 5D Mark III&quot;,&quot;caption&quot;:&quot;&quot;,&quot;created_timestamp&quot;:&quot;1573988233&quot;,&quot;copyright&quot;:&quot;&quot;,&quot;focal_length&quot;:&quot;24&quot;,&quot;iso&quot;:&quot;640&quot;,&quot;shutter_speed&quot;:&quot;0.033333333333333&quot;,&quot;title&quot;:&quot;&quot;,&quot;orientation&quot;:&quot;0&quot;}\" data-image-title=\"BI4A1875\" data-image-description=\"\" data-image-caption=\"\" data-large-file=\"https:\/\/eldiariodesanpedro.com.ar\/sitio\/wp-content\/uploads\/2019\/08\/BI4A1875-1024x560.jpg\" data-src=\"https:\/\/i0.wp.com\/eldiariodesanpedro.com.ar\/sitio\/wp-content\/uploads\/2019\/08\/BI4A1875.jpg?fit=660%2C361\" alt=\"\" data-id=\"58695\" data-link=\"https:\/\/eldiariodesanpedro.com.ar\/sitio\/?attachment_id=58695\" class=\"wp-image-58695 lazyload\" data-srcset=\"https:\/\/eldiariodesanpedro.com.ar\/sitio\/wp-content\/uploads\/2019\/08\/BI4A1875.jpg 5759w, https:\/\/eldiariodesanpedro.com.ar\/sitio\/wp-content\/uploads\/2019\/08\/BI4A1875-300x164.jpg 300w, https:\/\/eldiariodesanpedro.com.ar\/sitio\/wp-content\/uploads\/2019\/08\/BI4A1875-768x420.jpg 768w, https:\/\/eldiariodesanpedro.com.ar\/sitio\/wp-content\/uploads\/2019\/08\/BI4A1875-1024x560.jpg 1024w\" data-sizes=\"(max-width: 5759px) 100vw, 5759px\" src=\"data:image\/svg+xml;base64,PHN2ZyB3aWR0aD0iMSIgaGVpZ2h0PSIxIiB4bWxucz0iaHR0cDovL3d3dy53My5vcmcvMjAwMC9zdmciPjwvc3ZnPg==\" style=\"--smush-placeholder-width: 5759px; --smush-placeholder-aspect-ratio: 5759\/3150;\" \/><\/figure><\/li><li class=\"blocks-gallery-item\"><figure><img decoding=\"async\" width=\"5544\" height=\"3269\" data-attachment-id=\"58696\" data-permalink=\"https:\/\/eldiariodesanpedro.com.ar\/sitio\/dos-propuestas-para-finalizar-la-construccion-del-jardin-de-infantes-en-ex-cancha-de-banfield\/bi4a1876\/\" data-orig-file=\"https:\/\/eldiariodesanpedro.com.ar\/sitio\/wp-content\/uploads\/2019\/08\/BI4A1876.jpg\" data-orig-size=\"5544,3269\" data-comments-opened=\"1\" data-image-meta=\"{&quot;aperture&quot;:&quot;4&quot;,&quot;credit&quot;:&quot;&quot;,&quot;camera&quot;:&quot;Canon EOS 5D Mark III&quot;,&quot;caption&quot;:&quot;&quot;,&quot;created_timestamp&quot;:&quot;1573988242&quot;,&quot;copyright&quot;:&quot;&quot;,&quot;focal_length&quot;:&quot;58&quot;,&quot;iso&quot;:&quot;2000&quot;,&quot;shutter_speed&quot;:&quot;0.016666666666667&quot;,&quot;title&quot;:&quot;&quot;,&quot;orientation&quot;:&quot;0&quot;}\" data-image-title=\"BI4A1876\" data-image-description=\"\" data-image-caption=\"\" data-large-file=\"https:\/\/eldiariodesanpedro.com.ar\/sitio\/wp-content\/uploads\/2019\/08\/BI4A1876-1024x604.jpg\" data-src=\"https:\/\/i0.wp.com\/eldiariodesanpedro.com.ar\/sitio\/wp-content\/uploads\/2019\/08\/BI4A1876.jpg?fit=660%2C389\" alt=\"\" data-id=\"58696\" data-link=\"https:\/\/eldiariodesanpedro.com.ar\/sitio\/?attachment_id=58696\" class=\"wp-image-58696 lazyload\" data-srcset=\"https:\/\/eldiariodesanpedro.com.ar\/sitio\/wp-content\/uploads\/2019\/08\/BI4A1876.jpg 5544w, https:\/\/eldiariodesanpedro.com.ar\/sitio\/wp-content\/uploads\/2019\/08\/BI4A1876-300x177.jpg 300w, https:\/\/eldiariodesanpedro.com.ar\/sitio\/wp-content\/uploads\/2019\/08\/BI4A1876-768x453.jpg 768w, https:\/\/eldiariodesanpedro.com.ar\/sitio\/wp-content\/uploads\/2019\/08\/BI4A1876-1024x604.jpg 1024w\" data-sizes=\"(max-width: 5544px) 100vw, 5544px\" src=\"data:image\/svg+xml;base64,PHN2ZyB3aWR0aD0iMSIgaGVpZ2h0PSIxIiB4bWxucz0iaHR0cDovL3d3dy53My5vcmcvMjAwMC9zdmciPjwvc3ZnPg==\" style=\"--smush-placeholder-width: 5544px; --smush-placeholder-aspect-ratio: 5544\/3269;\" \/><\/figure><\/li><li class=\"blocks-gallery-item\"><figure><img decoding=\"async\" width=\"5760\" height=\"3840\" data-attachment-id=\"58697\" data-permalink=\"https:\/\/eldiariodesanpedro.com.ar\/sitio\/dos-propuestas-para-finalizar-la-construccion-del-jardin-de-infantes-en-ex-cancha-de-banfield\/bi4a1882\/\" data-orig-file=\"https:\/\/eldiariodesanpedro.com.ar\/sitio\/wp-content\/uploads\/2019\/08\/BI4A1882.jpg\" data-orig-size=\"5760,3840\" data-comments-opened=\"1\" data-image-meta=\"{&quot;aperture&quot;:&quot;4&quot;,&quot;credit&quot;:&quot;&quot;,&quot;camera&quot;:&quot;Canon EOS 5D Mark III&quot;,&quot;caption&quot;:&quot;&quot;,&quot;created_timestamp&quot;:&quot;1573988325&quot;,&quot;copyright&quot;:&quot;&quot;,&quot;focal_length&quot;:&quot;80&quot;,&quot;iso&quot;:&quot;2500&quot;,&quot;shutter_speed&quot;:&quot;0.0125&quot;,&quot;title&quot;:&quot;&quot;,&quot;orientation&quot;:&quot;0&quot;}\" data-image-title=\"BI4A1882\" data-image-description=\"\" data-image-caption=\"\" data-large-file=\"https:\/\/eldiariodesanpedro.com.ar\/sitio\/wp-content\/uploads\/2019\/08\/BI4A1882-1024x683.jpg\" data-src=\"https:\/\/i0.wp.com\/eldiariodesanpedro.com.ar\/sitio\/wp-content\/uploads\/2019\/08\/BI4A1882.jpg?fit=660%2C440\" alt=\"\" data-id=\"58697\" data-link=\"https:\/\/eldiariodesanpedro.com.ar\/sitio\/?attachment_id=58697\" class=\"wp-image-58697 lazyload\" data-srcset=\"https:\/\/eldiariodesanpedro.com.ar\/sitio\/wp-content\/uploads\/2019\/08\/BI4A1882.jpg 5760w, https:\/\/eldiariodesanpedro.com.ar\/sitio\/wp-content\/uploads\/2019\/08\/BI4A1882-300x200.jpg 300w, https:\/\/eldiariodesanpedro.com.ar\/sitio\/wp-content\/uploads\/2019\/08\/BI4A1882-768x512.jpg 768w, https:\/\/eldiariodesanpedro.com.ar\/sitio\/wp-content\/uploads\/2019\/08\/BI4A1882-1024x683.jpg 1024w\" data-sizes=\"(max-width: 5760px) 100vw, 5760px\" src=\"data:image\/svg+xml;base64,PHN2ZyB3aWR0aD0iMSIgaGVpZ2h0PSIxIiB4bWxucz0iaHR0cDovL3d3dy53My5vcmcvMjAwMC9zdmciPjwvc3ZnPg==\" style=\"--smush-placeholder-width: 5760px; --smush-placeholder-aspect-ratio: 5760\/3840;\" \/><\/figure><\/li><li class=\"blocks-gallery-item\"><figure><img decoding=\"async\" width=\"5760\" height=\"3840\" data-attachment-id=\"58698\" data-permalink=\"https:\/\/eldiariodesanpedro.com.ar\/sitio\/dos-propuestas-para-finalizar-la-construccion-del-jardin-de-infantes-en-ex-cancha-de-banfield\/bi4a1888\/\" data-orig-file=\"https:\/\/eldiariodesanpedro.com.ar\/sitio\/wp-content\/uploads\/2019\/08\/BI4A1888.jpg\" data-orig-size=\"5760,3840\" data-comments-opened=\"1\" data-image-meta=\"{&quot;aperture&quot;:&quot;4&quot;,&quot;credit&quot;:&quot;&quot;,&quot;camera&quot;:&quot;Canon EOS 5D Mark III&quot;,&quot;caption&quot;:&quot;&quot;,&quot;created_timestamp&quot;:&quot;1573988385&quot;,&quot;copyright&quot;:&quot;&quot;,&quot;focal_length&quot;:&quot;40&quot;,&quot;iso&quot;:&quot;1250&quot;,&quot;shutter_speed&quot;:&quot;0.033333333333333&quot;,&quot;title&quot;:&quot;&quot;,&quot;orientation&quot;:&quot;0&quot;}\" data-image-title=\"BI4A1888\" data-image-description=\"\" data-image-caption=\"\" data-large-file=\"https:\/\/eldiariodesanpedro.com.ar\/sitio\/wp-content\/uploads\/2019\/08\/BI4A1888-1024x683.jpg\" data-src=\"https:\/\/i2.wp.com\/eldiariodesanpedro.com.ar\/sitio\/wp-content\/uploads\/2019\/08\/BI4A1888.jpg?fit=660%2C440\" alt=\"\" data-id=\"58698\" data-link=\"https:\/\/eldiariodesanpedro.com.ar\/sitio\/?attachment_id=58698\" class=\"wp-image-58698 lazyload\" data-srcset=\"https:\/\/eldiariodesanpedro.com.ar\/sitio\/wp-content\/uploads\/2019\/08\/BI4A1888.jpg 5760w, https:\/\/eldiariodesanpedro.com.ar\/sitio\/wp-content\/uploads\/2019\/08\/BI4A1888-300x200.jpg 300w, https:\/\/eldiariodesanpedro.com.ar\/sitio\/wp-content\/uploads\/2019\/08\/BI4A1888-768x512.jpg 768w, https:\/\/eldiariodesanpedro.com.ar\/sitio\/wp-content\/uploads\/2019\/08\/BI4A1888-1024x683.jpg 1024w\" data-sizes=\"(max-width: 5760px) 100vw, 5760px\" src=\"data:image\/svg+xml;base64,PHN2ZyB3aWR0aD0iMSIgaGVpZ2h0PSIxIiB4bWxucz0iaHR0cDovL3d3dy53My5vcmcvMjAwMC9zdmciPjwvc3ZnPg==\" style=\"--smush-placeholder-width: 5760px; --smush-placeholder-aspect-ratio: 5760\/3840;\" \/><\/figure><\/li><\/ul>\n","protected":false},"excerpt":{"rendered":"<p>La Municipalidad de San Pedro informa que se procedi\u00f3 a la apertura de sobres para ingresar formalmente las propuestas recibidas, tras el llamado a licitaci\u00f3n p\u00fablica para las obras solicitadas, con el prop\u00f3sito de retomar y finalizar la construcci\u00f3n del Jard\u00edn de Infantes en la ex cancha de Banfield sobre Avenida 11 de Septiembre. Continuando [&hellip;]<\/p>\n","protected":false},"author":4,"featured_media":58695,"comment_status":"open","ping_status":"closed","sticky":false,"template":"","format":"standard","meta":{"om_disable_all_campaigns":false,"_jetpack_memberships_contains_paid_content":false,"footnotes":""},"categories":[101,2],"tags":[],"class_list":["post-58694","post","type-post","status-publish","format-standard","has-post-thumbnail","hentry","category-interes-general-locales","category-locales"],"aioseo_notices":[],"gutentor_comment":0,"jetpack_featured_media_url":"https:\/\/eldiariodesanpedro.com.ar\/sitio\/wp-content\/uploads\/2019\/08\/BI4A1875.jpg","jetpack_shortlink":"https:\/\/wp.me\/p6RhLt-fgG","jetpack_sharing_enabled":true,"_links":{"self":[{"href":"https:\/\/eldiariodesanpedro.com.ar\/sitio\/wp-json\/wp\/v2\/posts\/58694","targetHints":{"allow":["GET"]}}],"collection":[{"href":"https:\/\/eldiariodesanpedro.com.ar\/sitio\/wp-json\/wp\/v2\/posts"}],"about":[{"href":"https:\/\/eldiariodesanpedro.com.ar\/sitio\/wp-json\/wp\/v2\/types\/post"}],"author":[{"embeddable":true,"href":"https:\/\/eldiariodesanpedro.com.ar\/sitio\/wp-json\/wp\/v2\/users\/4"}],"replies":[{"embeddable":true,"href":"https:\/\/eldiariodesanpedro.com.ar\/sitio\/wp-json\/wp\/v2\/comments?post=58694"}],"version-history":[{"count":1,"href":"https:\/\/eldiariodesanpedro.com.ar\/sitio\/wp-json\/wp\/v2\/posts\/58694\/revisions"}],"predecessor-version":[{"id":58699,"href":"https:\/\/eldiariodesanpedro.com.ar\/sitio\/wp-json\/wp\/v2\/posts\/58694\/revisions\/58699"}],"wp:featuredmedia":[{"embeddable":true,"href":"https:\/\/eldiariodesanpedro.com.ar\/sitio\/wp-json\/wp\/v2\/media\/58695"}],"wp:attachment":[{"href":"https:\/\/eldiariodesanpedro.com.ar\/sitio\/wp-json\/wp\/v2\/media?parent=58694"}],"wp:term":[{"taxonomy":"category","embeddable":true,"href":"https:\/\/eldiariodesanpedro.com.ar\/sitio\/wp-json\/wp\/v2\/categories?post=58694"},{"taxonomy":"post_tag","embeddable":true,"href":"https:\/\/eldiariodesanpedro.com.ar\/sitio\/wp-json\/wp\/v2\/tags?post=58694"}],"curies":[{"name":"wp","href":"https:\/\/api.w.org\/{rel}","templated":true}]}}