{"id":58621,"date":"2019-08-22T18:02:00","date_gmt":"2019-08-22T21:02:00","guid":{"rendered":"https:\/\/eldiariodesanpedro.com.ar\/sitio\/?p=58621"},"modified":"2019-08-22T18:02:05","modified_gmt":"2019-08-22T21:02:05","slug":"efecto-devaluacion-farmaceuticos-reclaman-al-pami-que-preserve-el-acceso-de-afiliados-a-medicamentos","status":"publish","type":"post","link":"https:\/\/eldiariodesanpedro.com.ar\/sitio\/efecto-devaluacion-farmaceuticos-reclaman-al-pami-que-preserve-el-acceso-de-afiliados-a-medicamentos\/","title":{"rendered":"Efecto devaluaci\u00f3n: Farmac\u00e9uticos reclaman al PAMI que preserve el acceso de afiliados a medicamentos"},"content":{"rendered":"<!-- VideographyWP Plugin Message: Automatic video embedding prevented by plugin options. -->\n\n<p>Los representantes de la Federaci\u00f3n Argentina de Farmacias (Facaf), que nuclea a m\u00e1s de 5.000 farmacias en todo el pa\u00eds, solicitaron a las autoridades del PAMI que los afiliados de esa obra social \u00abmantengan el acceso a los medicamentos\u00bb.<\/p>\n\n\n\n<p>Los representantes de la\u00a0<strong>Federaci\u00f3n Argentina de Farmacias (FACAF),<\/strong>\u00a0pidieron a trav\u00e9s de una nota enviada por su presidente,\u00a0<strong>Miguel Angel Lombardo, al presidente del PAMI, Sergio Casinotti,<\/strong>que \u00abse lleven adelante medidas para garantizar la sustentabilidad del convenio con el Instituto\u00bb y as\u00ed\u00a0\u00abpreservar el acceso de los afiliados a los medicamentos\u00bb.<\/p>\n\n\n\n<figure class=\"wp-block-image\"><img decoding=\"async\" width=\"680\" height=\"453\" data-attachment-id=\"58622\" data-permalink=\"https:\/\/eldiariodesanpedro.com.ar\/sitio\/efecto-devaluacion-farmaceuticos-reclaman-al-pami-que-preserve-el-acceso-de-afiliados-a-medicamentos\/eciw51sxsaasmfx\/\" data-orig-file=\"https:\/\/eldiariodesanpedro.com.ar\/sitio\/wp-content\/uploads\/2019\/08\/ECIW51sXsAASmFX.jpg\" data-orig-size=\"680,453\" data-comments-opened=\"1\" data-image-meta=\"{&quot;aperture&quot;:&quot;0&quot;,&quot;credit&quot;:&quot;&quot;,&quot;camera&quot;:&quot;&quot;,&quot;caption&quot;:&quot;&quot;,&quot;created_timestamp&quot;:&quot;0&quot;,&quot;copyright&quot;:&quot;&quot;,&quot;focal_length&quot;:&quot;0&quot;,&quot;iso&quot;:&quot;0&quot;,&quot;shutter_speed&quot;:&quot;0&quot;,&quot;title&quot;:&quot;&quot;,&quot;orientation&quot;:&quot;0&quot;}\" data-image-title=\"ECIW51sXsAASmFX\" data-image-description=\"\" data-image-caption=\"\" data-large-file=\"https:\/\/eldiariodesanpedro.com.ar\/sitio\/wp-content\/uploads\/2019\/08\/ECIW51sXsAASmFX.jpg\" data-src=\"https:\/\/eldiariodesanpedro.com.ar\/sitio\/wp-content\/uploads\/2019\/08\/ECIW51sXsAASmFX.jpg\" alt=\"\" class=\"wp-image-58622 lazyload\" data-srcset=\"https:\/\/eldiariodesanpedro.com.ar\/sitio\/wp-content\/uploads\/2019\/08\/ECIW51sXsAASmFX.jpg 680w, https:\/\/eldiariodesanpedro.com.ar\/sitio\/wp-content\/uploads\/2019\/08\/ECIW51sXsAASmFX-300x200.jpg 300w\" data-sizes=\"(max-width: 680px) 100vw, 680px\" src=\"data:image\/svg+xml;base64,PHN2ZyB3aWR0aD0iMSIgaGVpZ2h0PSIxIiB4bWxucz0iaHR0cDovL3d3dy53My5vcmcvMjAwMC9zdmciPjwvc3ZnPg==\" style=\"--smush-placeholder-width: 680px; --smush-placeholder-aspect-ratio: 680\/453;\" \/><\/figure>\n\n\n\n<p>Asimismo convoc\u00f3 a una reuni\u00f3n \u00abcon todos los integrantes de la cadena de valor para analizar la situaci\u00f3n derivada de la reciente devaluaci\u00f3n que se registr\u00f3 en las \u00faltimas semanas\u00bb.<\/p>\n\n\n\n<p>Por otro lado inst\u00f3 a \u00abreflejar las dificultades que tiene las farmacias en reponer su stock debido a las caracter\u00edsticas del convenio suscripto con PAMI\u00bb.<\/p>\n\n\n\n<p>El pedido, explican en el documento,&nbsp;radica en los dr\u00e1sticos cambios producido en el pa\u00eds luego de las elecciones PASO&nbsp;que son de p\u00fablico conocimiento, y que llevaron \u201ca que las actuales condiciones econ\u00f3micas que rigen, con devaluaci\u00f3n y tasas para financiarse que superan el 75% anual, hagan imposible la prestaci\u00f3n\u201d.<\/p>\n\n\n\n<p>Por eso Lombardo destaca que \u201clo m\u00e1s trascendente para la vida del convenio&nbsp; prestacional es solucionar&nbsp;la brecha existente entre los nuevos precios de venta al p\u00fablico de los medicamentos y el precio&nbsp;<strong>PAMI&nbsp;<\/strong>que ha llegado a los l\u00edmites que supera todo tipo de sustentabilidad&nbsp;para la prestaci\u00f3n farmac\u00e9utica, generando para muchos de los productos dispensados del vadem\u00e9cum quebrantos mayores al de 48 puntos porcentuales\u201d.<\/p>\n\n\n\n<p>Seg\u00fan las mediciones de&nbsp;<strong>FACAF<\/strong>, el promedio diferencial entre el precio de venta al p\u00fablico y el precio PAMI es del 28 puntos porcentuales, \u201cteniendo en lo m\u00e1s alto de la tabla diferencias porcentajes que rondan el 48% entre un precio y otros, cuando el compromiso asumido por la entidad por medio de su persona era que el mismo no superar\u00eda 15% promedio para todas las presentaciones del VDM.\u201d<\/p>\n\n\n\n<p>Cae recordar que, seg\u00fan el Sindicato de Farmac\u00e9uticos y Bioqu\u00edmicos, la mortalidad debido a la falta de acceso a medicamentos se triplic\u00f3 en el sector de jubilados.<\/p>\n\n\n\n<p>Se trata de los niveles de&nbsp;\u201cmorbimortalidad\u201d, que miden las muertes producidas por la dificultad para contar con los remedios a tiempo, antes de que las enfermedades impacten de lleno en la salud de las personas.<\/p>\n\n\n\n<p>As\u00ed lo explic\u00f3 d\u00edas atr\u00e1s el Secretario General del Sindicato, Marcelo Peretta, quien sostuvo que la estad\u00edstica de morbimortalidad \u201cpas\u00f3 de 1,2 a 3,7%\u201d.<\/p>\n\n\n\n<p>\u201cEsa es la consecuencia del desinter\u00e9s, adem\u00e1s de una mentira porque en la p\u00e1gina del PAMI dice que le han devuelto m\u00e1s medicamentos a los jubilados y eso no es as\u00ed. Porque en estos \u00faltimos a\u00f1os los precios de los medicamentos se han cuadriplicado, sin embargo en la p\u00e1gina oficial divulgan esta mentira\u201d, expres\u00f3 Peretta para el Destape Radio.<\/p>\n","protected":false},"excerpt":{"rendered":"<p>Los representantes de la Federaci\u00f3n Argentina de Farmacias (Facaf), que nuclea a m\u00e1s de 5.000 farmacias en todo el pa\u00eds, solicitaron a las autoridades del PAMI que los afiliados de esa obra social \u00abmantengan el acceso a los medicamentos\u00bb. Los representantes de la\u00a0Federaci\u00f3n Argentina de Farmacias (FACAF),\u00a0pidieron a trav\u00e9s de una nota enviada por su [&hellip;]<\/p>\n","protected":false},"author":4,"featured_media":58623,"comment_status":"open","ping_status":"closed","sticky":false,"template":"","format":"standard","meta":{"om_disable_all_campaigns":false,"_jetpack_memberships_contains_paid_content":false,"footnotes":""},"categories":[621],"tags":[],"class_list":["post-58621","post","type-post","status-publish","format-standard","has-post-thumbnail","hentry","category-regionales"],"aioseo_notices":[],"gutentor_comment":0,"jetpack_featured_media_url":"https:\/\/eldiariodesanpedro.com.ar\/sitio\/wp-content\/uploads\/2019\/08\/20190822113525_pami.jpg","jetpack_shortlink":"https:\/\/wp.me\/p6RhLt-ffv","jetpack_sharing_enabled":true,"_links":{"self":[{"href":"https:\/\/eldiariodesanpedro.com.ar\/sitio\/wp-json\/wp\/v2\/posts\/58621","targetHints":{"allow":["GET"]}}],"collection":[{"href":"https:\/\/eldiariodesanpedro.com.ar\/sitio\/wp-json\/wp\/v2\/posts"}],"about":[{"href":"https:\/\/eldiariodesanpedro.com.ar\/sitio\/wp-json\/wp\/v2\/types\/post"}],"author":[{"embeddable":true,"href":"https:\/\/eldiariodesanpedro.com.ar\/sitio\/wp-json\/wp\/v2\/users\/4"}],"replies":[{"embeddable":true,"href":"https:\/\/eldiariodesanpedro.com.ar\/sitio\/wp-json\/wp\/v2\/comments?post=58621"}],"version-history":[{"count":1,"href":"https:\/\/eldiariodesanpedro.com.ar\/sitio\/wp-json\/wp\/v2\/posts\/58621\/revisions"}],"predecessor-version":[{"id":58624,"href":"https:\/\/eldiariodesanpedro.com.ar\/sitio\/wp-json\/wp\/v2\/posts\/58621\/revisions\/58624"}],"wp:featuredmedia":[{"embeddable":true,"href":"https:\/\/eldiariodesanpedro.com.ar\/sitio\/wp-json\/wp\/v2\/media\/58623"}],"wp:attachment":[{"href":"https:\/\/eldiariodesanpedro.com.ar\/sitio\/wp-json\/wp\/v2\/media?parent=58621"}],"wp:term":[{"taxonomy":"category","embeddable":true,"href":"https:\/\/eldiariodesanpedro.com.ar\/sitio\/wp-json\/wp\/v2\/categories?post=58621"},{"taxonomy":"post_tag","embeddable":true,"href":"https:\/\/eldiariodesanpedro.com.ar\/sitio\/wp-json\/wp\/v2\/tags?post=58621"}],"curies":[{"name":"wp","href":"https:\/\/api.w.org\/{rel}","templated":true}]}}