{"id":58618,"date":"2019-08-22T17:12:26","date_gmt":"2019-08-22T20:12:26","guid":{"rendered":"https:\/\/eldiariodesanpedro.com.ar\/sitio\/?p=58618"},"modified":"2019-08-22T17:12:34","modified_gmt":"2019-08-22T20:12:34","slug":"las-carceles-bonaerenses-no-dan-abasto-hay-20-mil-lugares-para-mas-de-40-mil-internos","status":"publish","type":"post","link":"https:\/\/eldiariodesanpedro.com.ar\/sitio\/las-carceles-bonaerenses-no-dan-abasto-hay-20-mil-lugares-para-mas-de-40-mil-internos\/","title":{"rendered":"Las c\u00e1rceles bonaerenses no dan abasto: hay 20 mil lugares para m\u00e1s de 40 mil internos"},"content":{"rendered":"<!-- VideographyWP Plugin Message: Automatic video embedding prevented by plugin options. -->\n\n<p>Los datos surgen del informe anual de la Comisi\u00f3n Provincial por la Memoria, e indican que la superpoblaci\u00f3n carcelaria est\u00e1 en su pico hist\u00f3rico: 113 por ciento, 22 por ciento m\u00e1s que en 2017.<\/p>\n\n\n\n<p>La situaci\u00f3n de las c\u00e1rceles bonaerenses no da para m\u00e1s. Al hist\u00f3rico d\u00e9ficit de infraestructura y los problemas cr\u00f3nicos de superpoblaci\u00f3n se le sum\u00f3 la pol\u00edtica en materia de Seguridad del gobierno bonaerense, que puso tras las rejas a 12 mil personas en tan s\u00f3lo tres a\u00f1os, seg\u00fan indic\u00f3\u00a0el ministro de Justicia, Gustavo Ferrari, recientemente.<\/p>\n\n\n\n<p>El correlato de esas decisiones se conoci\u00f3 en las \u00faltimas horas a partir de la difusi\u00f3n de informe anual que elabora la Comisi\u00f3n Provincial por la Memoria, donde se habla de un \u201cr\u00e9cord hist\u00f3rico\u201d. Seg\u00fan datos correspondientes a 2018,&nbsp;hay 20 mil plazas disponibles en las c\u00e1rceles del SPB, que alojan a 42 mil internos.<\/p>\n\n\n\n<p>El \u00edndice de sobrepoblaci\u00f3n es de&nbsp;113 por ciento, y significa 22 por ciento m\u00e1s que en 2017. \u201cEsto significa que m\u00e1s de la mitad de las personas detenidas no tuvo espacio adecuado para dormir\u201d, se\u00f1ala el documento de la CPM. En las alcaid\u00edas departamentales el cuadro no es mejor:&nbsp;hay 48 por ciento de sobrepoblaci\u00f3n.<\/p>\n\n\n\n<p>Son r\u00e9cord tambi\u00e9n las estad\u00edsticas de personas detenidas en comisar\u00edas, que creci\u00f3 33 por ciento en un a\u00f1o. El 53 por ciento de las 483 comisar\u00edas bonaerenses est\u00e1n inhabilitadas para alojar presos, pero 113 de ellas lo hac\u00edan de todas maneras.&nbsp;Esto, a la luz de las masacres de Pergamino, donde fallecieron 7 j\u00f3venes, y de Esteban Echeverr\u00eda, donde perdieron la vida otras 10, se hace todav\u00eda m\u00e1s grave.<\/p>\n\n\n\n<p>Siempre seg\u00fan la CPM, adem\u00e1s de la situaci\u00f3n de hacinamiento, est\u00e1n las denuncias respecto de torturas y de distintos hechos de violencia que se dan intramuros.&nbsp;Los hechos violentos informados oficialmente por el SPB ascendieron a 5.563, ocurridos en 61 centros de detenci\u00f3n y padecidos por 7.150 v\u00edctimas.<\/p>\n\n\n\n<p>La categor\u00eda \u201chechos violentos\u201d engloba agresi\u00f3n f\u00edsica entre personas detenidas, represi\u00f3n penitenciaria y autolesiones, entre otras. Tambi\u00e9n se relevaron 1.857 hechos de falta o deficiente atenci\u00f3n a la salud, otra forma de violencia para con los internos.<\/p>\n\n\n\n<p>La CPM relev\u00f3 adem\u00e1s un crecimiento de la poblaci\u00f3n femenina. A Diciembre, hab\u00eda 2.013 alojadas en establecimientos del SPB, el 4.6 por ciento del total. EL crecimiento es tal que supera al de la poblaci\u00f3n masculina: la cantidad de mujeres detenidas subi\u00f3 un 18% en 2018, mientras que la de varones un 11%.<\/p>\n\n\n\n<p>El correlato de esta situaci\u00f3n es la superpoblaci\u00f3n en las c\u00e1rceles y dependencias destinadas a mujeres: pas\u00f3 de 24 por ciento en 2017 a 51 por ciento en 2018.<\/p>\n\n\n\n<p>Tambi\u00e9n se consign\u00f3 que hay 82 mujeres ejerciendo la maternidad en el encierro: 58 junto a sus hijos, 23 embarazadas y una embarazada y detenida con hijo. Por otro lado, la poblaci\u00f3n trans-travesti creci\u00f3 en un 36%: de 69 en 2017 pas\u00f3 a 94 en 2018.<\/p>\n\n\n\n<p>Fuente: Infocielo <\/p>\n","protected":false},"excerpt":{"rendered":"<p>Los datos surgen del informe anual de la Comisi\u00f3n Provincial por la Memoria, e indican que la superpoblaci\u00f3n carcelaria est\u00e1 en su pico hist\u00f3rico: 113 por ciento, 22 por ciento m\u00e1s que en 2017. La situaci\u00f3n de las c\u00e1rceles bonaerenses no da para m\u00e1s. Al hist\u00f3rico d\u00e9ficit de infraestructura y los problemas cr\u00f3nicos de superpoblaci\u00f3n [&hellip;]<\/p>\n","protected":false},"author":4,"featured_media":58619,"comment_status":"open","ping_status":"closed","sticky":false,"template":"","format":"standard","meta":{"om_disable_all_campaigns":false,"_jetpack_memberships_contains_paid_content":false,"footnotes":""},"categories":[621],"tags":[],"class_list":["post-58618","post","type-post","status-publish","format-standard","has-post-thumbnail","hentry","category-regionales"],"aioseo_notices":[],"gutentor_comment":0,"jetpack_featured_media_url":"https:\/\/eldiariodesanpedro.com.ar\/sitio\/wp-content\/uploads\/2019\/08\/000079314-1.jpeg","jetpack_shortlink":"https:\/\/wp.me\/p6RhLt-ffs","jetpack_sharing_enabled":true,"_links":{"self":[{"href":"https:\/\/eldiariodesanpedro.com.ar\/sitio\/wp-json\/wp\/v2\/posts\/58618","targetHints":{"allow":["GET"]}}],"collection":[{"href":"https:\/\/eldiariodesanpedro.com.ar\/sitio\/wp-json\/wp\/v2\/posts"}],"about":[{"href":"https:\/\/eldiariodesanpedro.com.ar\/sitio\/wp-json\/wp\/v2\/types\/post"}],"author":[{"embeddable":true,"href":"https:\/\/eldiariodesanpedro.com.ar\/sitio\/wp-json\/wp\/v2\/users\/4"}],"replies":[{"embeddable":true,"href":"https:\/\/eldiariodesanpedro.com.ar\/sitio\/wp-json\/wp\/v2\/comments?post=58618"}],"version-history":[{"count":1,"href":"https:\/\/eldiariodesanpedro.com.ar\/sitio\/wp-json\/wp\/v2\/posts\/58618\/revisions"}],"predecessor-version":[{"id":58620,"href":"https:\/\/eldiariodesanpedro.com.ar\/sitio\/wp-json\/wp\/v2\/posts\/58618\/revisions\/58620"}],"wp:featuredmedia":[{"embeddable":true,"href":"https:\/\/eldiariodesanpedro.com.ar\/sitio\/wp-json\/wp\/v2\/media\/58619"}],"wp:attachment":[{"href":"https:\/\/eldiariodesanpedro.com.ar\/sitio\/wp-json\/wp\/v2\/media?parent=58618"}],"wp:term":[{"taxonomy":"category","embeddable":true,"href":"https:\/\/eldiariodesanpedro.com.ar\/sitio\/wp-json\/wp\/v2\/categories?post=58618"},{"taxonomy":"post_tag","embeddable":true,"href":"https:\/\/eldiariodesanpedro.com.ar\/sitio\/wp-json\/wp\/v2\/tags?post=58618"}],"curies":[{"name":"wp","href":"https:\/\/api.w.org\/{rel}","templated":true}]}}