{"id":58612,"date":"2019-08-22T16:47:21","date_gmt":"2019-08-22T19:47:21","guid":{"rendered":"https:\/\/eldiariodesanpedro.com.ar\/sitio\/?p=58612"},"modified":"2019-08-22T16:47:25","modified_gmt":"2019-08-22T19:47:25","slug":"le-sustraen-la-motocicleta-a-una-joven","status":"publish","type":"post","link":"https:\/\/eldiariodesanpedro.com.ar\/sitio\/le-sustraen-la-motocicleta-a-una-joven\/","title":{"rendered":"Le sustraen la motocicleta a una joven"},"content":{"rendered":"<!-- VideographyWP Plugin Message: Automatic video embedding prevented by plugin options. -->\n\n<p>Este mi\u00e9rcoles se recibi\u00f3 la denuncia en la comisar\u00eda local de una ciudadana de 42 a\u00f1os que en horas de la tarde le prest\u00f3 su motocicleta 110 cc a su hija quien la estaciono sobre la vereda de un local comercial ubicado en calle Mitre al 2400, donde la perdi\u00f3 de vista por 10 minutos para luego notar que la misma fue sustra\u00edda por autores ignorados.&nbsp;<br><\/p>\n","protected":false},"excerpt":{"rendered":"<p>Este mi\u00e9rcoles se recibi\u00f3 la denuncia en la comisar\u00eda local de una ciudadana de 42 a\u00f1os que en horas de la tarde le prest\u00f3 su motocicleta 110 cc a su hija quien la estaciono sobre la vereda de un local comercial ubicado en calle Mitre al 2400, donde la perdi\u00f3 de vista por 10 minutos [&hellip;]<\/p>\n","protected":false},"author":4,"featured_media":57215,"comment_status":"open","ping_status":"closed","sticky":false,"template":"","format":"standard","meta":{"om_disable_all_campaigns":false,"_jetpack_memberships_contains_paid_content":false,"footnotes":""},"categories":[2,103],"tags":[],"class_list":["post-58612","post","type-post","status-publish","format-standard","has-post-thumbnail","hentry","category-locales","category-policiales-locales"],"aioseo_notices":[],"gutentor_comment":0,"jetpack_featured_media_url":"https:\/\/eldiariodesanpedro.com.ar\/sitio\/wp-content\/uploads\/2019\/07\/comisaria_1.jpg","jetpack_shortlink":"https:\/\/wp.me\/p6RhLt-ffm","jetpack_sharing_enabled":true,"_links":{"self":[{"href":"https:\/\/eldiariodesanpedro.com.ar\/sitio\/wp-json\/wp\/v2\/posts\/58612","targetHints":{"allow":["GET"]}}],"collection":[{"href":"https:\/\/eldiariodesanpedro.com.ar\/sitio\/wp-json\/wp\/v2\/posts"}],"about":[{"href":"https:\/\/eldiariodesanpedro.com.ar\/sitio\/wp-json\/wp\/v2\/types\/post"}],"author":[{"embeddable":true,"href":"https:\/\/eldiariodesanpedro.com.ar\/sitio\/wp-json\/wp\/v2\/users\/4"}],"replies":[{"embeddable":true,"href":"https:\/\/eldiariodesanpedro.com.ar\/sitio\/wp-json\/wp\/v2\/comments?post=58612"}],"version-history":[{"count":1,"href":"https:\/\/eldiariodesanpedro.com.ar\/sitio\/wp-json\/wp\/v2\/posts\/58612\/revisions"}],"predecessor-version":[{"id":58613,"href":"https:\/\/eldiariodesanpedro.com.ar\/sitio\/wp-json\/wp\/v2\/posts\/58612\/revisions\/58613"}],"wp:featuredmedia":[{"embeddable":true,"href":"https:\/\/eldiariodesanpedro.com.ar\/sitio\/wp-json\/wp\/v2\/media\/57215"}],"wp:attachment":[{"href":"https:\/\/eldiariodesanpedro.com.ar\/sitio\/wp-json\/wp\/v2\/media?parent=58612"}],"wp:term":[{"taxonomy":"category","embeddable":true,"href":"https:\/\/eldiariodesanpedro.com.ar\/sitio\/wp-json\/wp\/v2\/categories?post=58612"},{"taxonomy":"post_tag","embeddable":true,"href":"https:\/\/eldiariodesanpedro.com.ar\/sitio\/wp-json\/wp\/v2\/tags?post=58612"}],"curies":[{"name":"wp","href":"https:\/\/api.w.org\/{rel}","templated":true}]}}