{"id":58610,"date":"2019-08-22T16:45:16","date_gmt":"2019-08-22T19:45:16","guid":{"rendered":"https:\/\/eldiariodesanpedro.com.ar\/sitio\/?p=58610"},"modified":"2019-08-22T16:45:20","modified_gmt":"2019-08-22T19:45:20","slug":"una-menor-denuncio-ser-amenazada-con-una-arma-blanca","status":"publish","type":"post","link":"https:\/\/eldiariodesanpedro.com.ar\/sitio\/una-menor-denuncio-ser-amenazada-con-una-arma-blanca\/","title":{"rendered":"Una menor denunci\u00f3 ser amenazada con una arma blanca"},"content":{"rendered":"<!-- VideographyWP Plugin Message: Automatic video embedding prevented by plugin options. -->\n\n<p>Este&nbsp; mi\u00e9rcoles en horas de la tarde se recibi\u00f3 la denuncia de una joven de 15 a\u00f1os de edad quien fue asistida por su progenitora, cuando otras dos femeninas y un masculino habr\u00edan amenazado con arma blanca, en calle Molina al 400 constatando problemas de larga data.<br><\/p>\n","protected":false},"excerpt":{"rendered":"<p>Este&nbsp; mi\u00e9rcoles en horas de la tarde se recibi\u00f3 la denuncia de una joven de 15 a\u00f1os de edad quien fue asistida por su progenitora, cuando otras dos femeninas y un masculino habr\u00edan amenazado con arma blanca, en calle Molina al 400 constatando problemas de larga data.<\/p>\n","protected":false},"author":4,"featured_media":58270,"comment_status":"open","ping_status":"closed","sticky":false,"template":"","format":"standard","meta":{"om_disable_all_campaigns":false,"_jetpack_memberships_contains_paid_content":false,"footnotes":""},"categories":[2,103],"tags":[],"class_list":["post-58610","post","type-post","status-publish","format-standard","has-post-thumbnail","hentry","category-locales","category-policiales-locales"],"aioseo_notices":[],"gutentor_comment":0,"jetpack_featured_media_url":"https:\/\/eldiariodesanpedro.com.ar\/sitio\/wp-content\/uploads\/2019\/08\/WhatsApp-Image-2019-08-16-at-11.39.49-AM-1.jpeg","jetpack_shortlink":"https:\/\/wp.me\/p6RhLt-ffk","jetpack_sharing_enabled":true,"_links":{"self":[{"href":"https:\/\/eldiariodesanpedro.com.ar\/sitio\/wp-json\/wp\/v2\/posts\/58610","targetHints":{"allow":["GET"]}}],"collection":[{"href":"https:\/\/eldiariodesanpedro.com.ar\/sitio\/wp-json\/wp\/v2\/posts"}],"about":[{"href":"https:\/\/eldiariodesanpedro.com.ar\/sitio\/wp-json\/wp\/v2\/types\/post"}],"author":[{"embeddable":true,"href":"https:\/\/eldiariodesanpedro.com.ar\/sitio\/wp-json\/wp\/v2\/users\/4"}],"replies":[{"embeddable":true,"href":"https:\/\/eldiariodesanpedro.com.ar\/sitio\/wp-json\/wp\/v2\/comments?post=58610"}],"version-history":[{"count":1,"href":"https:\/\/eldiariodesanpedro.com.ar\/sitio\/wp-json\/wp\/v2\/posts\/58610\/revisions"}],"predecessor-version":[{"id":58611,"href":"https:\/\/eldiariodesanpedro.com.ar\/sitio\/wp-json\/wp\/v2\/posts\/58610\/revisions\/58611"}],"wp:featuredmedia":[{"embeddable":true,"href":"https:\/\/eldiariodesanpedro.com.ar\/sitio\/wp-json\/wp\/v2\/media\/58270"}],"wp:attachment":[{"href":"https:\/\/eldiariodesanpedro.com.ar\/sitio\/wp-json\/wp\/v2\/media?parent=58610"}],"wp:term":[{"taxonomy":"category","embeddable":true,"href":"https:\/\/eldiariodesanpedro.com.ar\/sitio\/wp-json\/wp\/v2\/categories?post=58610"},{"taxonomy":"post_tag","embeddable":true,"href":"https:\/\/eldiariodesanpedro.com.ar\/sitio\/wp-json\/wp\/v2\/tags?post=58610"}],"curies":[{"name":"wp","href":"https:\/\/api.w.org\/{rel}","templated":true}]}}