{"id":58606,"date":"2019-08-22T16:18:04","date_gmt":"2019-08-22T19:18:04","guid":{"rendered":"https:\/\/eldiariodesanpedro.com.ar\/sitio\/?p=58606"},"modified":"2019-08-22T16:18:08","modified_gmt":"2019-08-22T19:18:08","slug":"se-realizo-un-allanamiento-con-resultado-positivo-5","status":"publish","type":"post","link":"https:\/\/eldiariodesanpedro.com.ar\/sitio\/se-realizo-un-allanamiento-con-resultado-positivo-5\/","title":{"rendered":"Se realiz\u00f3 un allanamiento con resultado positivo"},"content":{"rendered":"<!-- VideographyWP Plugin Message: Automatic video embedding prevented by plugin options. -->\n\n<p>Este mi\u00e9rcoles en horas de la noche el Personal del Gabinete Criminol\u00f3gico, en conjunto con DDI y Comisaria de la Mujer y la Familia\u00a0 en el Marco actuaciones iniciadas en comisar\u00eda de la mujer y la familia de San Pedro, tras tareas investigativas, personal Gabinete  realiz\u00f3 una diligencia por Orden de Allanamiento en el domicilio ubicado en calle Irigoyen al 700, donde se procede al secuestro rev\u00f3lver calibre 22 y 7 municiones intactas del mismo calibre y aprehensi\u00f3n del imputado un hombre de 63 a\u00f1os de edad.<\/p>\n","protected":false},"excerpt":{"rendered":"<p>Este mi\u00e9rcoles en horas de la noche el Personal del Gabinete Criminol\u00f3gico, en conjunto con DDI y Comisaria de la Mujer y la Familia\u00a0 en el Marco actuaciones iniciadas en comisar\u00eda de la mujer y la familia de San Pedro, tras tareas investigativas, personal Gabinete realiz\u00f3 una diligencia por Orden de Allanamiento en el domicilio [&hellip;]<\/p>\n","protected":false},"author":4,"featured_media":57215,"comment_status":"open","ping_status":"closed","sticky":false,"template":"","format":"standard","meta":{"om_disable_all_campaigns":false,"_jetpack_memberships_contains_paid_content":false,"footnotes":""},"categories":[2,103],"tags":[],"class_list":["post-58606","post","type-post","status-publish","format-standard","has-post-thumbnail","hentry","category-locales","category-policiales-locales"],"aioseo_notices":[],"gutentor_comment":0,"jetpack_featured_media_url":"https:\/\/eldiariodesanpedro.com.ar\/sitio\/wp-content\/uploads\/2019\/07\/comisaria_1.jpg","jetpack_shortlink":"https:\/\/wp.me\/p6RhLt-ffg","jetpack_sharing_enabled":true,"_links":{"self":[{"href":"https:\/\/eldiariodesanpedro.com.ar\/sitio\/wp-json\/wp\/v2\/posts\/58606","targetHints":{"allow":["GET"]}}],"collection":[{"href":"https:\/\/eldiariodesanpedro.com.ar\/sitio\/wp-json\/wp\/v2\/posts"}],"about":[{"href":"https:\/\/eldiariodesanpedro.com.ar\/sitio\/wp-json\/wp\/v2\/types\/post"}],"author":[{"embeddable":true,"href":"https:\/\/eldiariodesanpedro.com.ar\/sitio\/wp-json\/wp\/v2\/users\/4"}],"replies":[{"embeddable":true,"href":"https:\/\/eldiariodesanpedro.com.ar\/sitio\/wp-json\/wp\/v2\/comments?post=58606"}],"version-history":[{"count":1,"href":"https:\/\/eldiariodesanpedro.com.ar\/sitio\/wp-json\/wp\/v2\/posts\/58606\/revisions"}],"predecessor-version":[{"id":58607,"href":"https:\/\/eldiariodesanpedro.com.ar\/sitio\/wp-json\/wp\/v2\/posts\/58606\/revisions\/58607"}],"wp:featuredmedia":[{"embeddable":true,"href":"https:\/\/eldiariodesanpedro.com.ar\/sitio\/wp-json\/wp\/v2\/media\/57215"}],"wp:attachment":[{"href":"https:\/\/eldiariodesanpedro.com.ar\/sitio\/wp-json\/wp\/v2\/media?parent=58606"}],"wp:term":[{"taxonomy":"category","embeddable":true,"href":"https:\/\/eldiariodesanpedro.com.ar\/sitio\/wp-json\/wp\/v2\/categories?post=58606"},{"taxonomy":"post_tag","embeddable":true,"href":"https:\/\/eldiariodesanpedro.com.ar\/sitio\/wp-json\/wp\/v2\/tags?post=58606"}],"curies":[{"name":"wp","href":"https:\/\/api.w.org\/{rel}","templated":true}]}}