{"id":58604,"date":"2019-08-22T16:08:05","date_gmt":"2019-08-22T19:08:05","guid":{"rendered":"https:\/\/eldiariodesanpedro.com.ar\/sitio\/?p=58604"},"modified":"2019-08-22T16:08:09","modified_gmt":"2019-08-22T19:08:09","slug":"se-realizo-la-detencion-de-menor-de-edad-motochorro","status":"publish","type":"post","link":"https:\/\/eldiariodesanpedro.com.ar\/sitio\/se-realizo-la-detencion-de-menor-de-edad-motochorro\/","title":{"rendered":"Se realiz\u00f3 la detenci\u00f3n de menor de edad motochorro"},"content":{"rendered":"<!-- VideographyWP Plugin Message: Automatic video embedding prevented by plugin options. -->\n\n<p>Marco hecho de robo calificado por motochorros ocurrido en la madrugada del lunes cuando fueron aprehendidos dos masculinos, uno menor y otro mayor de edad, que mediante la modalidad motochorro armados, despojaron de moto y pertenencias a una mujer en Rivadavia y Pav\u00f3n.&nbsp;<\/p>\n\n\n\n<p>El mayor permanec\u00eda detenido en la comisar\u00eda y tras ser indagado en sede judicial, la justicia interviniente extendi\u00f3 la orden de detenci\u00f3n del menor que oportunamente fuera entregado a sus padres. La diligencia se realiz\u00f3 en la madrugada de este jueves en amplio operativo policial, por el Personal del Gabinete Criminol\u00f3gico de la comisar\u00eda local junto con la DDI San Pedro en una vivienda ubicada en balcarce 1400, procede a la detenci\u00f3n del joven delincuente de 16 a\u00f1os de edad, siendo el mismo trasladado a la fiscal\u00eda juvenil de San Nicol\u00e1s, y seguido a ello ser\u00e1 alojado en Centro de Contenci\u00f3n Adecuado de la Ciudad de La Plata, imputado por el delito ya antes enunciado.<br><\/p>\n","protected":false},"excerpt":{"rendered":"<p>Marco hecho de robo calificado por motochorros ocurrido en la madrugada del lunes cuando fueron aprehendidos dos masculinos, uno menor y otro mayor de edad, que mediante la modalidad motochorro armados, despojaron de moto y pertenencias a una mujer en Rivadavia y Pav\u00f3n.&nbsp; El mayor permanec\u00eda detenido en la comisar\u00eda y tras ser indagado en [&hellip;]<\/p>\n","protected":false},"author":4,"featured_media":58539,"comment_status":"open","ping_status":"closed","sticky":false,"template":"","format":"standard","meta":{"om_disable_all_campaigns":false,"_jetpack_memberships_contains_paid_content":false,"footnotes":""},"categories":[2,103],"tags":[],"class_list":["post-58604","post","type-post","status-publish","format-standard","has-post-thumbnail","hentry","category-locales","category-policiales-locales"],"aioseo_notices":[],"gutentor_comment":0,"jetpack_featured_media_url":"https:\/\/eldiariodesanpedro.com.ar\/sitio\/wp-content\/uploads\/2019\/08\/detenido-esposado.jpg-1.jpg","jetpack_shortlink":"https:\/\/wp.me\/p6RhLt-ffe","jetpack_sharing_enabled":true,"_links":{"self":[{"href":"https:\/\/eldiariodesanpedro.com.ar\/sitio\/wp-json\/wp\/v2\/posts\/58604","targetHints":{"allow":["GET"]}}],"collection":[{"href":"https:\/\/eldiariodesanpedro.com.ar\/sitio\/wp-json\/wp\/v2\/posts"}],"about":[{"href":"https:\/\/eldiariodesanpedro.com.ar\/sitio\/wp-json\/wp\/v2\/types\/post"}],"author":[{"embeddable":true,"href":"https:\/\/eldiariodesanpedro.com.ar\/sitio\/wp-json\/wp\/v2\/users\/4"}],"replies":[{"embeddable":true,"href":"https:\/\/eldiariodesanpedro.com.ar\/sitio\/wp-json\/wp\/v2\/comments?post=58604"}],"version-history":[{"count":1,"href":"https:\/\/eldiariodesanpedro.com.ar\/sitio\/wp-json\/wp\/v2\/posts\/58604\/revisions"}],"predecessor-version":[{"id":58605,"href":"https:\/\/eldiariodesanpedro.com.ar\/sitio\/wp-json\/wp\/v2\/posts\/58604\/revisions\/58605"}],"wp:featuredmedia":[{"embeddable":true,"href":"https:\/\/eldiariodesanpedro.com.ar\/sitio\/wp-json\/wp\/v2\/media\/58539"}],"wp:attachment":[{"href":"https:\/\/eldiariodesanpedro.com.ar\/sitio\/wp-json\/wp\/v2\/media?parent=58604"}],"wp:term":[{"taxonomy":"category","embeddable":true,"href":"https:\/\/eldiariodesanpedro.com.ar\/sitio\/wp-json\/wp\/v2\/categories?post=58604"},{"taxonomy":"post_tag","embeddable":true,"href":"https:\/\/eldiariodesanpedro.com.ar\/sitio\/wp-json\/wp\/v2\/tags?post=58604"}],"curies":[{"name":"wp","href":"https:\/\/api.w.org\/{rel}","templated":true}]}}