{"id":586,"date":"2015-11-23T22:49:37","date_gmt":"2015-11-24T01:49:37","guid":{"rendered":"http:\/\/www.eldiariodesanpedro.com.ar\/?p=586"},"modified":"2015-11-26T22:51:41","modified_gmt":"2015-11-27T01:51:41","slug":"un-motociclista-disparo-a-otro","status":"publish","type":"post","link":"https:\/\/eldiariodesanpedro.com.ar\/sitio\/un-motociclista-disparo-a-otro\/","title":{"rendered":"Un motociclista dispar\u00f3 a otro"},"content":{"rendered":"<p><!-- VideographyWP Plugin Message: Automatic video embedding prevented by plugin options. --><br \/>\nEl episodio tuvo lugar en la madrugada del domingo, cuando un joven de 20 a\u00f1os de edad, que se dirig\u00eda a su domicilio en motocicleta, en intersecci\u00f3n de calles Almafuerte y Novillo se cruz\u00f3 por otra persona que tambi\u00e9n conduc\u00eda un ciclomotor, a quien conoce, quien sin detener la marcha, ni disminuir la velocidad, esgrimi\u00f3 un arma de fuego con la que le efectu\u00f3 al menos tres disparos, sin llegar a lesionarlo.<br \/>\nSe trata de un inconvenientes entre las partes, que se hab\u00eda suscitado cuando la v\u00edctima se entrometi\u00f3 en una pelea que el imputado protagoniz\u00f3 hace tiempo con un familiar.<br \/>\nLa UFI N\u00aa 7 dispuso actuaciones por \u201cAbuso de Armas\u201d.<\/p>\n","protected":false},"excerpt":{"rendered":"<p>El episodio tuvo lugar en la madrugada del domingo, cuando un joven de 20 a\u00f1os de edad, que se dirig\u00eda a su domicilio en motocicleta, en intersecci\u00f3n de calles Almafuerte y Novillo se cruz\u00f3 por otra persona que tambi\u00e9n conduc\u00eda un ciclomotor, a quien conoce, quien sin detener la marcha, ni disminuir la velocidad, esgrimi\u00f3 [&hellip;]<\/p>\n","protected":false},"author":4,"featured_media":588,"comment_status":"open","ping_status":"closed","sticky":false,"template":"","format":"standard","meta":{"om_disable_all_campaigns":false,"_jetpack_memberships_contains_paid_content":false,"footnotes":""},"categories":[2,103],"tags":[],"class_list":["post-586","post","type-post","status-publish","format-standard","has-post-thumbnail","hentry","category-locales","category-policiales-locales"],"aioseo_notices":[],"gutentor_comment":0,"jetpack_featured_media_url":"https:\/\/eldiariodesanpedro.com.ar\/sitio\/wp-content\/uploads\/2015\/11\/descarga.jpg","jetpack_shortlink":"https:\/\/wp.me\/p6RhLt-9s","jetpack_sharing_enabled":true,"_links":{"self":[{"href":"https:\/\/eldiariodesanpedro.com.ar\/sitio\/wp-json\/wp\/v2\/posts\/586","targetHints":{"allow":["GET"]}}],"collection":[{"href":"https:\/\/eldiariodesanpedro.com.ar\/sitio\/wp-json\/wp\/v2\/posts"}],"about":[{"href":"https:\/\/eldiariodesanpedro.com.ar\/sitio\/wp-json\/wp\/v2\/types\/post"}],"author":[{"embeddable":true,"href":"https:\/\/eldiariodesanpedro.com.ar\/sitio\/wp-json\/wp\/v2\/users\/4"}],"replies":[{"embeddable":true,"href":"https:\/\/eldiariodesanpedro.com.ar\/sitio\/wp-json\/wp\/v2\/comments?post=586"}],"version-history":[{"count":1,"href":"https:\/\/eldiariodesanpedro.com.ar\/sitio\/wp-json\/wp\/v2\/posts\/586\/revisions"}],"predecessor-version":[{"id":589,"href":"https:\/\/eldiariodesanpedro.com.ar\/sitio\/wp-json\/wp\/v2\/posts\/586\/revisions\/589"}],"wp:featuredmedia":[{"embeddable":true,"href":"https:\/\/eldiariodesanpedro.com.ar\/sitio\/wp-json\/wp\/v2\/media\/588"}],"wp:attachment":[{"href":"https:\/\/eldiariodesanpedro.com.ar\/sitio\/wp-json\/wp\/v2\/media?parent=586"}],"wp:term":[{"taxonomy":"category","embeddable":true,"href":"https:\/\/eldiariodesanpedro.com.ar\/sitio\/wp-json\/wp\/v2\/categories?post=586"},{"taxonomy":"post_tag","embeddable":true,"href":"https:\/\/eldiariodesanpedro.com.ar\/sitio\/wp-json\/wp\/v2\/tags?post=586"}],"curies":[{"name":"wp","href":"https:\/\/api.w.org\/{rel}","templated":true}]}}