{"id":58599,"date":"2019-08-22T10:14:51","date_gmt":"2019-08-22T13:14:51","guid":{"rendered":"https:\/\/eldiariodesanpedro.com.ar\/sitio\/?p=58599"},"modified":"2019-08-22T10:14:55","modified_gmt":"2019-08-22T13:14:55","slug":"san-nicolas-secuestraron-un-arma-tumbera-en-la-investigacion-de-un-robo","status":"publish","type":"post","link":"https:\/\/eldiariodesanpedro.com.ar\/sitio\/san-nicolas-secuestraron-un-arma-tumbera-en-la-investigacion-de-un-robo\/","title":{"rendered":"SAN NICOL\u00c1S | Secuestraron un arma \u201ctumbera\u201d en la investigaci\u00f3n de un robo"},"content":{"rendered":"<!-- VideographyWP Plugin Message: Automatic video embedding prevented by plugin options. -->\n\n<p>\n\nEl pasado viernes, en zona sur, un sujeto mostrando un arma de fuego asalt\u00f3 a un joven quit\u00e1ndole sus zapatillas y otras pertenencias.<\/p>\n\n\n\n<p>. A ra\u00edz de este episodio, personal del gabinete criminol\u00f3gico de la Comisar\u00eda Segunda se aboc\u00f3 a la investigaci\u00f3n. Tras amplias tareas de campo los efectivos pudieron identificar al presunto autor del robo, siendo \u00e9ste un sujeto conocido en la zona por estar involucrado en hechos delictivos, que vivir\u00eda en barrio California. Con todos los datos recogidos se solicit\u00f3 a la UFI n\u00b03 del Departamento Judicial San Nicol\u00e1s, una orden de allanamiento la que fue avalada por el juzgado de Garant\u00edas.<\/p>\n\n\n\n<p>El operativo se efectu\u00f3 en un domicilio de calle Santa Fe, de Barrio California, donde se procedi\u00f3 al secuestro de un par de zapatillas marca Adidas, que eran las que fueron sustra\u00eddas y un arma de fuego tipo tumbera calibre 12, con tres proyectiles intactos. Asimismo se procedi\u00f3 a la aprehensi\u00f3n de un sujeto mayor de edad, por el delito de \u201cRobo esclarecido, tenencia ilegal arma de fuego de uso prohibido\u201d.<\/p>\n\n\n\n<p>Fuente: Diario El Norte<\/p>\n","protected":false},"excerpt":{"rendered":"<p>El pasado viernes, en zona sur, un sujeto mostrando un arma de fuego asalt\u00f3 a un joven quit\u00e1ndole sus zapatillas y otras pertenencias. . A ra\u00edz de este episodio, personal del gabinete criminol\u00f3gico de la Comisar\u00eda Segunda se aboc\u00f3 a la investigaci\u00f3n. Tras amplias tareas de campo los efectivos pudieron identificar al presunto autor del [&hellip;]<\/p>\n","protected":false},"author":4,"featured_media":58600,"comment_status":"open","ping_status":"closed","sticky":false,"template":"","format":"standard","meta":{"om_disable_all_campaigns":false,"_jetpack_memberships_contains_paid_content":false,"footnotes":""},"categories":[621],"tags":[],"class_list":["post-58599","post","type-post","status-publish","format-standard","has-post-thumbnail","hentry","category-regionales"],"aioseo_notices":[],"gutentor_comment":0,"jetpack_featured_media_url":"https:\/\/eldiariodesanpedro.com.ar\/sitio\/wp-content\/uploads\/2019\/08\/0_2_14.jpg","jetpack_shortlink":"https:\/\/wp.me\/p6RhLt-ff9","jetpack_sharing_enabled":true,"_links":{"self":[{"href":"https:\/\/eldiariodesanpedro.com.ar\/sitio\/wp-json\/wp\/v2\/posts\/58599","targetHints":{"allow":["GET"]}}],"collection":[{"href":"https:\/\/eldiariodesanpedro.com.ar\/sitio\/wp-json\/wp\/v2\/posts"}],"about":[{"href":"https:\/\/eldiariodesanpedro.com.ar\/sitio\/wp-json\/wp\/v2\/types\/post"}],"author":[{"embeddable":true,"href":"https:\/\/eldiariodesanpedro.com.ar\/sitio\/wp-json\/wp\/v2\/users\/4"}],"replies":[{"embeddable":true,"href":"https:\/\/eldiariodesanpedro.com.ar\/sitio\/wp-json\/wp\/v2\/comments?post=58599"}],"version-history":[{"count":1,"href":"https:\/\/eldiariodesanpedro.com.ar\/sitio\/wp-json\/wp\/v2\/posts\/58599\/revisions"}],"predecessor-version":[{"id":58601,"href":"https:\/\/eldiariodesanpedro.com.ar\/sitio\/wp-json\/wp\/v2\/posts\/58599\/revisions\/58601"}],"wp:featuredmedia":[{"embeddable":true,"href":"https:\/\/eldiariodesanpedro.com.ar\/sitio\/wp-json\/wp\/v2\/media\/58600"}],"wp:attachment":[{"href":"https:\/\/eldiariodesanpedro.com.ar\/sitio\/wp-json\/wp\/v2\/media?parent=58599"}],"wp:term":[{"taxonomy":"category","embeddable":true,"href":"https:\/\/eldiariodesanpedro.com.ar\/sitio\/wp-json\/wp\/v2\/categories?post=58599"},{"taxonomy":"post_tag","embeddable":true,"href":"https:\/\/eldiariodesanpedro.com.ar\/sitio\/wp-json\/wp\/v2\/tags?post=58599"}],"curies":[{"name":"wp","href":"https:\/\/api.w.org\/{rel}","templated":true}]}}