{"id":58596,"date":"2019-08-22T10:13:07","date_gmt":"2019-08-22T13:13:07","guid":{"rendered":"https:\/\/eldiariodesanpedro.com.ar\/sitio\/?p=58596"},"modified":"2019-08-22T10:13:11","modified_gmt":"2019-08-22T13:13:11","slug":"san-andres-de-giles-caminero-fue-liberado-tras-quedar-atrapado-en-la-cabina-de-un-camion-tras-un-vuelco","status":"publish","type":"post","link":"https:\/\/eldiariodesanpedro.com.ar\/sitio\/san-andres-de-giles-caminero-fue-liberado-tras-quedar-atrapado-en-la-cabina-de-un-camion-tras-un-vuelco\/","title":{"rendered":"SAN ANDR\u00c9S DE GILES | Caminero fue liberado, tras quedar atrapado en la cabina de un cami\u00f3n tras un vuelco"},"content":{"rendered":"<!-- VideographyWP Plugin Message: Automatic video embedding prevented by plugin options. -->\n\n<p>\n\nUna dotaci\u00f3n del cuerpo de Bomberos Voluntarios debi\u00f3 intervenir en el vuelco de un cami\u00f3n Mercedes Benz con semi en la Ruta provincial 41, kil\u00f3metro 268, partido de San Andr\u00e9s de Giles.<\/p>\n\n\n\n<p>Como consecuencia del accidente, el conductor del cami\u00f3n, Luis Aguilera,&nbsp; qued\u00f3 atrapado&nbsp; en la cabina del veh\u00edculo y s\u00f3lo pudo ser liberado tras dos horas de arduo trabajo de bomberos voluntarios con herramientas espec\u00edficas.<\/p>\n\n\n\n<p>Domiciliado en la localidad de Alberti , el conductor\u00a0fue trasladado en ambulancia al Hospital Zerboni y dado de alta cerca del mediod\u00eda. Todo el proceso de asistencia y rescate concluy\u00f3 a las 5 de la ma\u00f1ana.<\/p>\n\n\n\n<p>Fuente: Bosco Producciones<\/p>\n","protected":false},"excerpt":{"rendered":"<p>Una dotaci\u00f3n del cuerpo de Bomberos Voluntarios debi\u00f3 intervenir en el vuelco de un cami\u00f3n Mercedes Benz con semi en la Ruta provincial 41, kil\u00f3metro 268, partido de San Andr\u00e9s de Giles. Como consecuencia del accidente, el conductor del cami\u00f3n, Luis Aguilera,&nbsp; qued\u00f3 atrapado&nbsp; en la cabina del veh\u00edculo y s\u00f3lo pudo ser liberado tras [&hellip;]<\/p>\n","protected":false},"author":4,"featured_media":58597,"comment_status":"open","ping_status":"closed","sticky":false,"template":"","format":"standard","meta":{"om_disable_all_campaigns":false,"_jetpack_memberships_contains_paid_content":false,"footnotes":""},"categories":[621],"tags":[],"class_list":["post-58596","post","type-post","status-publish","format-standard","has-post-thumbnail","hentry","category-regionales"],"aioseo_notices":[],"gutentor_comment":0,"jetpack_featured_media_url":"https:\/\/eldiariodesanpedro.com.ar\/sitio\/wp-content\/uploads\/2019\/08\/a066b889-8d6e-459e-a41a-f038f52ef87d-750x563_1.jpg","jetpack_shortlink":"https:\/\/wp.me\/p6RhLt-ff6","jetpack_sharing_enabled":true,"_links":{"self":[{"href":"https:\/\/eldiariodesanpedro.com.ar\/sitio\/wp-json\/wp\/v2\/posts\/58596","targetHints":{"allow":["GET"]}}],"collection":[{"href":"https:\/\/eldiariodesanpedro.com.ar\/sitio\/wp-json\/wp\/v2\/posts"}],"about":[{"href":"https:\/\/eldiariodesanpedro.com.ar\/sitio\/wp-json\/wp\/v2\/types\/post"}],"author":[{"embeddable":true,"href":"https:\/\/eldiariodesanpedro.com.ar\/sitio\/wp-json\/wp\/v2\/users\/4"}],"replies":[{"embeddable":true,"href":"https:\/\/eldiariodesanpedro.com.ar\/sitio\/wp-json\/wp\/v2\/comments?post=58596"}],"version-history":[{"count":1,"href":"https:\/\/eldiariodesanpedro.com.ar\/sitio\/wp-json\/wp\/v2\/posts\/58596\/revisions"}],"predecessor-version":[{"id":58598,"href":"https:\/\/eldiariodesanpedro.com.ar\/sitio\/wp-json\/wp\/v2\/posts\/58596\/revisions\/58598"}],"wp:featuredmedia":[{"embeddable":true,"href":"https:\/\/eldiariodesanpedro.com.ar\/sitio\/wp-json\/wp\/v2\/media\/58597"}],"wp:attachment":[{"href":"https:\/\/eldiariodesanpedro.com.ar\/sitio\/wp-json\/wp\/v2\/media?parent=58596"}],"wp:term":[{"taxonomy":"category","embeddable":true,"href":"https:\/\/eldiariodesanpedro.com.ar\/sitio\/wp-json\/wp\/v2\/categories?post=58596"},{"taxonomy":"post_tag","embeddable":true,"href":"https:\/\/eldiariodesanpedro.com.ar\/sitio\/wp-json\/wp\/v2\/tags?post=58596"}],"curies":[{"name":"wp","href":"https:\/\/api.w.org\/{rel}","templated":true}]}}