{"id":58593,"date":"2019-08-22T10:10:31","date_gmt":"2019-08-22T13:10:31","guid":{"rendered":"https:\/\/eldiariodesanpedro.com.ar\/sitio\/?p=58593"},"modified":"2019-08-22T10:10:50","modified_gmt":"2019-08-22T13:10:50","slug":"baradero-incendio-de-un-automovil-frente-a-la-escuela-industrial","status":"publish","type":"post","link":"https:\/\/eldiariodesanpedro.com.ar\/sitio\/baradero-incendio-de-un-automovil-frente-a-la-escuela-industrial\/","title":{"rendered":"BARADERO | Incendio de un autom\u00f3vil frente a la escuela Industrial"},"content":{"rendered":"<!-- VideographyWP Plugin Message: Automatic video embedding prevented by plugin options. -->\n\n<p>A las 22:00 Hs. de esta noche, un autom\u00f3vil Volkswagen Gol tomo fuego en la parte delantera por causas que se desconocen, sobre calle Bulnes, justo en la puerta misma de la E.E.T N\u00b01.<\/p>\n\n\n\n<p>El propietario de auto declar\u00f3 sentir varias explosiones mientras estaba esperando a su hija que salga de la escuela t\u00e9cnica y luego el fuego.<\/p>\n\n\n\n<p>R\u00e1pidamente, adem\u00e1s de llamar al servicio de bomberos, los casuales testigos removieron las motos estacionadas cerca del veh\u00edculo para evitar que las llamas se propaguen.<\/p>\n\n\n\n<p>El personal del cuartel realiz\u00f3 el enfriamiento del motor y tom\u00f3 las medidas para evitar nuevos inconvenientes ya que el veh\u00edculo posee equipo de gas.<\/p>\n\n\n\n<p>Fuente: Baradero Te Informa <\/p>\n","protected":false},"excerpt":{"rendered":"<p>A las 22:00 Hs. de esta noche, un autom\u00f3vil Volkswagen Gol tomo fuego en la parte delantera por causas que se desconocen, sobre calle Bulnes, justo en la puerta misma de la E.E.T N\u00b01. El propietario de auto declar\u00f3 sentir varias explosiones mientras estaba esperando a su hija que salga de la escuela t\u00e9cnica y [&hellip;]<\/p>\n","protected":false},"author":4,"featured_media":58594,"comment_status":"open","ping_status":"closed","sticky":false,"template":"","format":"standard","meta":{"om_disable_all_campaigns":false,"_jetpack_memberships_contains_paid_content":false,"footnotes":""},"categories":[621],"tags":[],"class_list":["post-58593","post","type-post","status-publish","format-standard","has-post-thumbnail","hentry","category-regionales"],"aioseo_notices":[],"gutentor_comment":0,"jetpack_featured_media_url":"https:\/\/eldiariodesanpedro.com.ar\/sitio\/wp-content\/uploads\/2019\/08\/IMG_6753-Copy.jpg","jetpack_shortlink":"https:\/\/wp.me\/p6RhLt-ff3","jetpack_sharing_enabled":true,"_links":{"self":[{"href":"https:\/\/eldiariodesanpedro.com.ar\/sitio\/wp-json\/wp\/v2\/posts\/58593","targetHints":{"allow":["GET"]}}],"collection":[{"href":"https:\/\/eldiariodesanpedro.com.ar\/sitio\/wp-json\/wp\/v2\/posts"}],"about":[{"href":"https:\/\/eldiariodesanpedro.com.ar\/sitio\/wp-json\/wp\/v2\/types\/post"}],"author":[{"embeddable":true,"href":"https:\/\/eldiariodesanpedro.com.ar\/sitio\/wp-json\/wp\/v2\/users\/4"}],"replies":[{"embeddable":true,"href":"https:\/\/eldiariodesanpedro.com.ar\/sitio\/wp-json\/wp\/v2\/comments?post=58593"}],"version-history":[{"count":1,"href":"https:\/\/eldiariodesanpedro.com.ar\/sitio\/wp-json\/wp\/v2\/posts\/58593\/revisions"}],"predecessor-version":[{"id":58595,"href":"https:\/\/eldiariodesanpedro.com.ar\/sitio\/wp-json\/wp\/v2\/posts\/58593\/revisions\/58595"}],"wp:featuredmedia":[{"embeddable":true,"href":"https:\/\/eldiariodesanpedro.com.ar\/sitio\/wp-json\/wp\/v2\/media\/58594"}],"wp:attachment":[{"href":"https:\/\/eldiariodesanpedro.com.ar\/sitio\/wp-json\/wp\/v2\/media?parent=58593"}],"wp:term":[{"taxonomy":"category","embeddable":true,"href":"https:\/\/eldiariodesanpedro.com.ar\/sitio\/wp-json\/wp\/v2\/categories?post=58593"},{"taxonomy":"post_tag","embeddable":true,"href":"https:\/\/eldiariodesanpedro.com.ar\/sitio\/wp-json\/wp\/v2\/tags?post=58593"}],"curies":[{"name":"wp","href":"https:\/\/api.w.org\/{rel}","templated":true}]}}