{"id":58590,"date":"2019-08-22T10:07:39","date_gmt":"2019-08-22T13:07:39","guid":{"rendered":"https:\/\/eldiariodesanpedro.com.ar\/sitio\/?p=58590"},"modified":"2019-08-22T10:07:43","modified_gmt":"2019-08-22T13:07:43","slug":"campana-frustran-intento-de-robo-en-el-acceso-al-barrio-la-reserva-cardales","status":"publish","type":"post","link":"https:\/\/eldiariodesanpedro.com.ar\/sitio\/campana-frustran-intento-de-robo-en-el-acceso-al-barrio-la-reserva-cardales\/","title":{"rendered":"CAMPANA | Frustran intento de robo en el acceso al barrio La Reserva Cardales"},"content":{"rendered":"<!-- VideographyWP Plugin Message: Automatic video embedding prevented by plugin options. -->\n\n<p>Una efectiva respuesta del protocolo de seguridad y del personal de custodia impidi\u00f3 que los delincuentes lograran interceptar a un vecino que ingresaba al predio, luego de haber sido seguido desde Capital, donde hab\u00eda realizado una operaci\u00f3n bancaria.<\/p>\n\n\n\n<p>Un hecho delictivo pudo ser frustrado por el personal de seguridad del barrio La Reserva Cardales, cuando un grupo de delincuentes intentaron asaltar a un vecino luego de perseguirlo por la Panamericana hasta el acceso al barrio privado.<\/p>\n\n\n\n<p>El hecho tuvo su desenlace pasadas las 15 horas de ayer, pero comenz\u00f3 un poco antes, cuando un vecino del mencionado barrio regresaba de una diligencia bancaria en Capital Federal, y not\u00f3 que lo ven\u00edan siguiendo varios veh\u00edculos.<\/p>\n\n\n\n<p>Al presentarse en la porter\u00eda del barrio, explic\u00f3 al personal de guardia lo que ocurr\u00eda, y se dirigi\u00f3 a su domicilio. Fue entonces cuando desde el bunker de monitoreo se activ\u00f3 el Protocolo de Seguridad, logrando interceptar a tres delincuentes en motos de gran cilindrada, quienes debieron retroceder y retirarse frustrando as\u00ed sus intenciones de alcanzar al propietario.<\/p>\n\n\n\n<p>Los motociclistas emprendieron la fuga, siendo perseguidos hasta la ruta por el personal. Las primeras investigaciones del hecho mediante el relevamiento de im\u00e1genes del sistema de monitoreo, permiti\u00f3 comprobar que el vecino era seguido adem\u00e1s por dos autos, un Ford Focus color gris y un Chevrolet Sonic negro, adem\u00e1s de las motocicletas.&nbsp;<\/p>\n\n\n\n<p>Se estima que al menos seis delincuentes participaron del intento de robo. Tanto el propietario como el Gerente de Seguridad y personal de la empresa de custodia se dirigieron a la sede policial correspondiente, para radicar la denuncia.\n\n<\/p>\n\n\n\n<p><br><\/p>\n","protected":false},"excerpt":{"rendered":"<p>Una efectiva respuesta del protocolo de seguridad y del personal de custodia impidi\u00f3 que los delincuentes lograran interceptar a un vecino que ingresaba al predio, luego de haber sido seguido desde Capital, donde hab\u00eda realizado una operaci\u00f3n bancaria. Un hecho delictivo pudo ser frustrado por el personal de seguridad del barrio La Reserva Cardales, cuando [&hellip;]<\/p>\n","protected":false},"author":4,"featured_media":58591,"comment_status":"open","ping_status":"closed","sticky":false,"template":"","format":"standard","meta":{"om_disable_all_campaigns":false,"_jetpack_memberships_contains_paid_content":false,"footnotes":""},"categories":[621],"tags":[],"class_list":["post-58590","post","type-post","status-publish","format-standard","has-post-thumbnail","hentry","category-regionales"],"aioseo_notices":[],"gutentor_comment":0,"jetpack_featured_media_url":"https:\/\/eldiariodesanpedro.com.ar\/sitio\/wp-content\/uploads\/2019\/08\/49959387501960021666501404018061564507147542508618555036542395281721691445511.jpg","jetpack_shortlink":"https:\/\/wp.me\/p6RhLt-ff0","jetpack_sharing_enabled":true,"_links":{"self":[{"href":"https:\/\/eldiariodesanpedro.com.ar\/sitio\/wp-json\/wp\/v2\/posts\/58590","targetHints":{"allow":["GET"]}}],"collection":[{"href":"https:\/\/eldiariodesanpedro.com.ar\/sitio\/wp-json\/wp\/v2\/posts"}],"about":[{"href":"https:\/\/eldiariodesanpedro.com.ar\/sitio\/wp-json\/wp\/v2\/types\/post"}],"author":[{"embeddable":true,"href":"https:\/\/eldiariodesanpedro.com.ar\/sitio\/wp-json\/wp\/v2\/users\/4"}],"replies":[{"embeddable":true,"href":"https:\/\/eldiariodesanpedro.com.ar\/sitio\/wp-json\/wp\/v2\/comments?post=58590"}],"version-history":[{"count":1,"href":"https:\/\/eldiariodesanpedro.com.ar\/sitio\/wp-json\/wp\/v2\/posts\/58590\/revisions"}],"predecessor-version":[{"id":58592,"href":"https:\/\/eldiariodesanpedro.com.ar\/sitio\/wp-json\/wp\/v2\/posts\/58590\/revisions\/58592"}],"wp:featuredmedia":[{"embeddable":true,"href":"https:\/\/eldiariodesanpedro.com.ar\/sitio\/wp-json\/wp\/v2\/media\/58591"}],"wp:attachment":[{"href":"https:\/\/eldiariodesanpedro.com.ar\/sitio\/wp-json\/wp\/v2\/media?parent=58590"}],"wp:term":[{"taxonomy":"category","embeddable":true,"href":"https:\/\/eldiariodesanpedro.com.ar\/sitio\/wp-json\/wp\/v2\/categories?post=58590"},{"taxonomy":"post_tag","embeddable":true,"href":"https:\/\/eldiariodesanpedro.com.ar\/sitio\/wp-json\/wp\/v2\/tags?post=58590"}],"curies":[{"name":"wp","href":"https:\/\/api.w.org\/{rel}","templated":true}]}}