{"id":58587,"date":"2019-08-22T10:05:25","date_gmt":"2019-08-22T13:05:25","guid":{"rendered":"https:\/\/eldiariodesanpedro.com.ar\/sitio\/?p=58587"},"modified":"2019-08-22T10:05:30","modified_gmt":"2019-08-22T13:05:30","slug":"zarate-no-quieren-reincorporar-a-trabajadores-despedidos-manifestacion-en-el-acceso-al-complejo-nuclear-atucha","status":"publish","type":"post","link":"https:\/\/eldiariodesanpedro.com.ar\/sitio\/zarate-no-quieren-reincorporar-a-trabajadores-despedidos-manifestacion-en-el-acceso-al-complejo-nuclear-atucha\/","title":{"rendered":"Z\u00c1RATE | No quieren reincorporar a trabajadores despedidos: manifestaci\u00f3n en el acceso al Complejo Nuclear Atucha"},"content":{"rendered":"<!-- VideographyWP Plugin Message: Automatic video embedding prevented by plugin options. -->\n\n<p>Trabajadores nucleados en Uocra llevan a cabo una manifestaci\u00f3n en la rotonda de acceso al Complejo Centrales Nucleares Ruta Nac 9 Km 103.<\/p>\n\n\n\n<p>La medida de fuerza apunta a un incumplimiento de la Comisi\u00f3n Nacional de Energ\u00eda At\u00f3mica que todav\u00eda no reincorpor\u00f3 a los trabajadores que fueron despedidos el pasado 1 de Junio de la empresa Adecco, sub contratista de Tecna en la obra del proyecto nuclear Carem 25.<\/p>\n\n\n\n<p>Fuente: Impacto Local<\/p>\n\n\n\n<p><\/p>\n","protected":false},"excerpt":{"rendered":"<p>Trabajadores nucleados en Uocra llevan a cabo una manifestaci\u00f3n en la rotonda de acceso al Complejo Centrales Nucleares Ruta Nac 9 Km 103. La medida de fuerza apunta a un incumplimiento de la Comisi\u00f3n Nacional de Energ\u00eda At\u00f3mica que todav\u00eda no reincorpor\u00f3 a los trabajadores que fueron despedidos el pasado 1 de Junio de la [&hellip;]<\/p>\n","protected":false},"author":4,"featured_media":58588,"comment_status":"open","ping_status":"closed","sticky":false,"template":"","format":"standard","meta":{"om_disable_all_campaigns":false,"_jetpack_memberships_contains_paid_content":false,"footnotes":""},"categories":[621],"tags":[],"class_list":["post-58587","post","type-post","status-publish","format-standard","has-post-thumbnail","hentry","category-regionales"],"aioseo_notices":[],"gutentor_comment":0,"jetpack_featured_media_url":"https:\/\/eldiariodesanpedro.com.ar\/sitio\/wp-content\/uploads\/2019\/08\/IMG-20190822-WA0014.jpg","jetpack_shortlink":"https:\/\/wp.me\/p6RhLt-feX","jetpack_sharing_enabled":true,"_links":{"self":[{"href":"https:\/\/eldiariodesanpedro.com.ar\/sitio\/wp-json\/wp\/v2\/posts\/58587","targetHints":{"allow":["GET"]}}],"collection":[{"href":"https:\/\/eldiariodesanpedro.com.ar\/sitio\/wp-json\/wp\/v2\/posts"}],"about":[{"href":"https:\/\/eldiariodesanpedro.com.ar\/sitio\/wp-json\/wp\/v2\/types\/post"}],"author":[{"embeddable":true,"href":"https:\/\/eldiariodesanpedro.com.ar\/sitio\/wp-json\/wp\/v2\/users\/4"}],"replies":[{"embeddable":true,"href":"https:\/\/eldiariodesanpedro.com.ar\/sitio\/wp-json\/wp\/v2\/comments?post=58587"}],"version-history":[{"count":1,"href":"https:\/\/eldiariodesanpedro.com.ar\/sitio\/wp-json\/wp\/v2\/posts\/58587\/revisions"}],"predecessor-version":[{"id":58589,"href":"https:\/\/eldiariodesanpedro.com.ar\/sitio\/wp-json\/wp\/v2\/posts\/58587\/revisions\/58589"}],"wp:featuredmedia":[{"embeddable":true,"href":"https:\/\/eldiariodesanpedro.com.ar\/sitio\/wp-json\/wp\/v2\/media\/58588"}],"wp:attachment":[{"href":"https:\/\/eldiariodesanpedro.com.ar\/sitio\/wp-json\/wp\/v2\/media?parent=58587"}],"wp:term":[{"taxonomy":"category","embeddable":true,"href":"https:\/\/eldiariodesanpedro.com.ar\/sitio\/wp-json\/wp\/v2\/categories?post=58587"},{"taxonomy":"post_tag","embeddable":true,"href":"https:\/\/eldiariodesanpedro.com.ar\/sitio\/wp-json\/wp\/v2\/tags?post=58587"}],"curies":[{"name":"wp","href":"https:\/\/api.w.org\/{rel}","templated":true}]}}