{"id":58579,"date":"2019-08-22T08:38:09","date_gmt":"2019-08-22T11:38:09","guid":{"rendered":"https:\/\/eldiariodesanpedro.com.ar\/sitio\/?p=58579"},"modified":"2019-08-22T08:38:13","modified_gmt":"2019-08-22T11:38:13","slug":"arresto-domiciliario-para-anselmo-ojeda-el-portero-acusado-de-abusos-en-el-jardin-belen","status":"publish","type":"post","link":"https:\/\/eldiariodesanpedro.com.ar\/sitio\/arresto-domiciliario-para-anselmo-ojeda-el-portero-acusado-de-abusos-en-el-jardin-belen\/","title":{"rendered":"Arresto domiciliario para Anselmo Ojeda, el portero acusado de abusos en el jard\u00edn Bel\u00e9n"},"content":{"rendered":"<!-- VideographyWP Plugin Message: Automatic video embedding prevented by plugin options. -->\n\n<p>El juzgado de Garant\u00edas N\u00ba 1 de San Nicol\u00e1s, a cargo del recientemente designado Rom\u00e1n Parodi, resolvi\u00f3 otorgar el beneficio de arresto domiciliario con pulsera electr\u00f3nica para el exportero del jard\u00edn Bel\u00e9n, Anselmo Ojeda.<\/p>\n\n\n\n<p>Para el acusado pesa prisi\u00f3n preventiva en el marco de la causa que investiga las denuncias por abuso sexual presuntamente cometidos en esa instituci\u00f3n educativa de gesti\u00f3n privada religiosa de nuestra ciudad.<\/p>\n\n\n\n<p>El Defensor oficial, Alejandro Ares, pidi\u00f3 el beneficio para el acusado, quien est\u00e1 imputado por \u00ababuso sexual agravado con acceso carnal reiterado\u00bb junto al sacerdote extitular de la parroquia San Roque y exrepresentante legal del jard\u00edn, quien en mayo pasado fue liberado porque la C\u00e1mara consider\u00f3 que no hab\u00eda m\u00e9rito suficiente para mantenerlo con prisi\u00f3n preventiva.<\/p>\n\n\n\n<p>A Ojeda, en cambio, le ratificaron la medida y permanece alojado en una unidad penal. <\/p>\n\n\n\n<p>Este mi\u00e9rcoles 21 de agosto, se conoci\u00f3 la decisi\u00f3n de Parodi, apelada por el fiscal Granda, quien le acept\u00f3 y permiti\u00f3 continuar el proceso alojado en una vivienda, con pulsera electr\u00f3nica, con el beneficio de arresto domiciliario con domicilio fijo en Villa Sarmiento (Mor\u00f3n) vivienda de una hermana. <\/p>\n\n\n\n<p>Anselmo Ojeda  ser\u00e1 trasladado desde la c\u00e1rcel al partido de Mor\u00f3n, al oeste del conurbano bonaerense. El magistrado ponder\u00f3 que el domicilio sea fuera de San Pedro, lo que evitar\u00e1 \u00abcualquier tipo de contacto accidental con las v\u00edctimas o denunciantes\u00bb.<\/p>\n\n\n\n<ul class=\"wp-block-gallery columns-1 is-cropped wp-block-gallery-1 is-layout-flex wp-block-gallery-is-layout-flex\"><li class=\"blocks-gallery-item\"><figure><img decoding=\"async\" width=\"800\" height=\"445\" data-attachment-id=\"58580\" data-permalink=\"https:\/\/eldiariodesanpedro.com.ar\/sitio\/arresto-domiciliario-para-anselmo-ojeda-el-portero-acusado-de-abusos-en-el-jardin-belen\/pagina-5-191\/\" data-orig-file=\"https:\/\/eldiariodesanpedro.com.ar\/sitio\/wp-content\/uploads\/2019\/08\/PAGINA-5-1.jpg\" data-orig-size=\"800,445\" data-comments-opened=\"1\" data-image-meta=\"{&quot;aperture&quot;:&quot;0&quot;,&quot;credit&quot;:&quot;&quot;,&quot;camera&quot;:&quot;&quot;,&quot;caption&quot;:&quot;&quot;,&quot;created_timestamp&quot;:&quot;0&quot;,&quot;copyright&quot;:&quot;&quot;,&quot;focal_length&quot;:&quot;0&quot;,&quot;iso&quot;:&quot;0&quot;,&quot;shutter_speed&quot;:&quot;0&quot;,&quot;title&quot;:&quot;&quot;,&quot;orientation&quot;:&quot;0&quot;}\" data-image-title=\"PAGINA 5\" data-image-description=\"\" data-image-caption=\"\" data-large-file=\"https:\/\/eldiariodesanpedro.com.ar\/sitio\/wp-content\/uploads\/2019\/08\/PAGINA-5-1.jpg\" data-src=\"https:\/\/eldiariodesanpedro.com.ar\/sitio\/wp-content\/uploads\/2019\/08\/PAGINA-5-1.jpg\" alt=\"\" data-id=\"58580\" data-link=\"https:\/\/eldiariodesanpedro.com.ar\/sitio\/?attachment_id=58580\" class=\"wp-image-58580 lazyload\" data-srcset=\"https:\/\/eldiariodesanpedro.com.ar\/sitio\/wp-content\/uploads\/2019\/08\/PAGINA-5-1.jpg 800w, https:\/\/eldiariodesanpedro.com.ar\/sitio\/wp-content\/uploads\/2019\/08\/PAGINA-5-1-300x167.jpg 300w, https:\/\/eldiariodesanpedro.com.ar\/sitio\/wp-content\/uploads\/2019\/08\/PAGINA-5-1-768x427.jpg 768w\" data-sizes=\"(max-width: 800px) 100vw, 800px\" src=\"data:image\/svg+xml;base64,PHN2ZyB3aWR0aD0iMSIgaGVpZ2h0PSIxIiB4bWxucz0iaHR0cDovL3d3dy53My5vcmcvMjAwMC9zdmciPjwvc3ZnPg==\" style=\"--smush-placeholder-width: 800px; --smush-placeholder-aspect-ratio: 800\/445;\" \/><\/figure><\/li><\/ul>\n","protected":false},"excerpt":{"rendered":"<p>El juzgado de Garant\u00edas N\u00ba 1 de San Nicol\u00e1s, a cargo del recientemente designado Rom\u00e1n Parodi, resolvi\u00f3 otorgar el beneficio de arresto domiciliario con pulsera electr\u00f3nica para el exportero del jard\u00edn Bel\u00e9n, Anselmo Ojeda. Para el acusado pesa prisi\u00f3n preventiva en el marco de la causa que investiga las denuncias por abuso sexual presuntamente cometidos [&hellip;]<\/p>\n","protected":false},"author":4,"featured_media":58581,"comment_status":"open","ping_status":"closed","sticky":false,"template":"","format":"standard","meta":{"om_disable_all_campaigns":false,"_jetpack_memberships_contains_paid_content":false,"footnotes":""},"categories":[50,101,2],"tags":[],"class_list":["post-58579","post","type-post","status-publish","format-standard","has-post-thumbnail","hentry","category-destacadas","category-interes-general-locales","category-locales"],"aioseo_notices":[],"gutentor_comment":0,"jetpack_featured_media_url":"https:\/\/eldiariodesanpedro.com.ar\/sitio\/wp-content\/uploads\/2019\/08\/tapa-1.jpg","jetpack_shortlink":"https:\/\/wp.me\/p6RhLt-feP","jetpack_sharing_enabled":true,"_links":{"self":[{"href":"https:\/\/eldiariodesanpedro.com.ar\/sitio\/wp-json\/wp\/v2\/posts\/58579","targetHints":{"allow":["GET"]}}],"collection":[{"href":"https:\/\/eldiariodesanpedro.com.ar\/sitio\/wp-json\/wp\/v2\/posts"}],"about":[{"href":"https:\/\/eldiariodesanpedro.com.ar\/sitio\/wp-json\/wp\/v2\/types\/post"}],"author":[{"embeddable":true,"href":"https:\/\/eldiariodesanpedro.com.ar\/sitio\/wp-json\/wp\/v2\/users\/4"}],"replies":[{"embeddable":true,"href":"https:\/\/eldiariodesanpedro.com.ar\/sitio\/wp-json\/wp\/v2\/comments?post=58579"}],"version-history":[{"count":1,"href":"https:\/\/eldiariodesanpedro.com.ar\/sitio\/wp-json\/wp\/v2\/posts\/58579\/revisions"}],"predecessor-version":[{"id":58582,"href":"https:\/\/eldiariodesanpedro.com.ar\/sitio\/wp-json\/wp\/v2\/posts\/58579\/revisions\/58582"}],"wp:featuredmedia":[{"embeddable":true,"href":"https:\/\/eldiariodesanpedro.com.ar\/sitio\/wp-json\/wp\/v2\/media\/58581"}],"wp:attachment":[{"href":"https:\/\/eldiariodesanpedro.com.ar\/sitio\/wp-json\/wp\/v2\/media?parent=58579"}],"wp:term":[{"taxonomy":"category","embeddable":true,"href":"https:\/\/eldiariodesanpedro.com.ar\/sitio\/wp-json\/wp\/v2\/categories?post=58579"},{"taxonomy":"post_tag","embeddable":true,"href":"https:\/\/eldiariodesanpedro.com.ar\/sitio\/wp-json\/wp\/v2\/tags?post=58579"}],"curies":[{"name":"wp","href":"https:\/\/api.w.org\/{rel}","templated":true}]}}